{"id":2518,"date":"2024-05-27T10:34:41","date_gmt":"2024-05-27T08:34:41","guid":{"rendered":"https:\/\/agora.xtec.cat\/cee-jeronimoragas-cerdanyola\/?p=2518"},"modified":"2024-11-22T10:54:03","modified_gmt":"2024-11-22T09:54:03","slug":"les-aventures-del-verd-llima","status":"publish","type":"post","link":"https:\/\/agora.xtec.cat\/cee-jeronimoragas-cerdanyola\/general\/les-aventures-del-verd-llima\/","title":{"rendered":"Les aventures del Verd Llima"},"content":{"rendered":"<p>Estimades fam\u00edlies!<\/p>\n<p>El Verd Llima ha creat una hist\u00f2ria d&#8217;all\u00f2 m\u00e9s divertida, on entre tots i totes hem pensat i donat vida als nostres personatges de la prehist\u00f2ria. Compartim amb vosaltres el nostre conte perqu\u00e8 podeu gaudir d&#8217;aquesta gran hist\u00f2ria, narrada, dibuixada i escrita per nosaltres mateixos i mateixes.<\/p>\n<p>No us ho podeu perdre, esperem que us agradi!<\/p>\n<div style=\"width: 1920px;\" class=\"wp-video\"><!--[if lt IE 9]><script>document.createElement('video');<\/script><![endif]-->\n<video class=\"wp-video-shortcode\" id=\"video-2518-1\" width=\"1920\" height=\"1080\" preload=\"metadata\" controls=\"controls\"><source type=\"video\/mp4\" src=\"https:\/\/agora.xtec.cat\/cee-jeronimoragas-cerdanyola\/wp-content\/uploads\/usu2099\/2024\/05\/les-aventures-del-verd-llima-dc1qckqd-ubjxmuwj-j2jonx8u-yftk8ody_DfXdI9uz-1.mp4?_=1\" \/><a href=\"https:\/\/agora.xtec.cat\/cee-jeronimoragas-cerdanyola\/wp-content\/uploads\/usu2099\/2024\/05\/les-aventures-del-verd-llima-dc1qckqd-ubjxmuwj-j2jonx8u-yftk8ody_DfXdI9uz-1.mp4\">https:\/\/agora.xtec.cat\/cee-jeronimoragas-cerdanyola\/wp-content\/uploads\/usu2099\/2024\/05\/les-aventures-del-verd-llima-dc1qckqd-ubjxmuwj-j2jonx8u-yftk8ody_DfXdI9uz-1.mp4<\/a><\/video><\/div>\n","protected":false},"excerpt":{"rendered":"<p>Estimades fam\u00edlies!<br \/>\nEl Verd Llima ha creat una hist\u00f2ria d&#8217;all\u00f2 m\u00e9s divertida, on entre tots i totes hem pensat i donat vida als nostres personatges de la prehist\u00f2ria. Compartim amb vosaltres el nostre conte perqu\u00e8 podeu gaudir d&#8217;aquesta gran hist\u00f2ria, narrada, dibuixada i escrita per nosaltres&hellip;  <a href=\"https:\/\/agora.xtec.cat\/cee-jeronimoragas-cerdanyola\/general\/les-aventures-del-verd-llima\/\" title=\"Read Les aventures del Verd Llima\">Llegeix m\u00e9s\u00bb<\/a><\/p>\n","protected":false},"author":1,"featured_media":0,"comment_status":"open","ping_status":"closed","sticky":false,"template":"","format":"standard","meta":{"_bbp_topic_count":0,"_bbp_reply_count":0,"_bbp_total_topic_count":0,"_bbp_total_reply_count":0,"_bbp_voice_count":0,"_bbp_anonymous_reply_count":0,"_bbp_topic_count_hidden":0,"_bbp_reply_count_hidden":0,"_bbp_forum_subforum_count":0,"footnotes":""},"categories":[1,68,4],"tags":[],"class_list":["post-2518","post","type-post","status-publish","format-standard","hentry","category-general","category-grup-verd-llima","category-portada"],"post_mailing_queue_ids":[],"_links":{"self":[{"href":"https:\/\/agora.xtec.cat\/cee-jeronimoragas-cerdanyola\/wp-json\/wp\/v2\/posts\/2518","targetHints":{"allow":["GET"]}}],"collection":[{"href":"https:\/\/agora.xtec.cat\/cee-jeronimoragas-cerdanyola\/wp-json\/wp\/v2\/posts"}],"about":[{"href":"https:\/\/agora.xtec.cat\/cee-jeronimoragas-cerdanyola\/wp-json\/wp\/v2\/types\/post"}],"author":[{"embeddable":true,"href":"https:\/\/agora.xtec.cat\/cee-jeronimoragas-cerdanyola\/wp-json\/wp\/v2\/users\/1"}],"replies":[{"embeddable":true,"href":"https:\/\/agora.xtec.cat\/cee-jeronimoragas-cerdanyola\/wp-json\/wp\/v2\/comments?post=2518"}],"version-history":[{"count":1,"href":"https:\/\/agora.xtec.cat\/cee-jeronimoragas-cerdanyola\/wp-json\/wp\/v2\/posts\/2518\/revisions"}],"predecessor-version":[{"id":2520,"href":"https:\/\/agora.xtec.cat\/cee-jeronimoragas-cerdanyola\/wp-json\/wp\/v2\/posts\/2518\/revisions\/2520"}],"wp:attachment":[{"href":"https:\/\/agora.xtec.cat\/cee-jeronimoragas-cerdanyola\/wp-json\/wp\/v2\/media?parent=2518"}],"wp:term":[{"taxonomy":"category","embeddable":true,"href":"https:\/\/agora.xtec.cat\/cee-jeronimoragas-cerdanyola\/wp-json\/wp\/v2\/categories?post=2518"},{"taxonomy":"post_tag","embeddable":true,"href":"https:\/\/agora.xtec.cat\/cee-jeronimoragas-cerdanyola\/wp-json\/wp\/v2\/tags?post=2518"}],"curies":[{"name":"wp","href":"https:\/\/api.w.org\/{rel}","templated":true}]}}