{"id":2126,"date":"2023-05-04T12:52:42","date_gmt":"2023-05-04T10:52:42","guid":{"rendered":"https:\/\/agora.xtec.cat\/cee-jeronimoragas-cerdanyola\/?p=2126"},"modified":"2023-05-04T12:54:19","modified_gmt":"2023-05-04T10:54:19","slug":"el-jeroni-a-la-selva-de-laventura","status":"publish","type":"post","link":"https:\/\/agora.xtec.cat\/cee-jeronimoragas-cerdanyola\/general\/el-jeroni-a-la-selva-de-laventura\/","title":{"rendered":"El Jeroni a La Selva de l&#8217;Aventura!"},"content":{"rendered":"<p>Fa poc, els nens i nenes del Jeroni vam anar d&#8217;excursi\u00f3 a la Selva de l&#8217;Aventura i vam fer l&#8217;activitat &#8220;Camina descal\u00e7&#8221;. Vam fer un recorregut pel bosc sense sabates i els m\u00e9s atrevits (la majoria) sense mitjons, ens ho vam passar genial! Si voleu veure un resum de la nostra aventura, cliqueu <a href=\"https:\/\/youtu.be\/W4b4BNempNI\">aqu\u00ed<\/a>!<\/p>\n<p>&nbsp;<\/p>\n","protected":false},"excerpt":{"rendered":"<p>Fa poc, els nens i nenes del Jeroni vam anar d&#8217;excursi\u00f3 a la Selva de l&#8217;Aventura i vam fer l&#8217;activitat &#8220;Camina descal\u00e7&#8221;. Vam fer un recorregut pel bosc sense sabates i els m\u00e9s atrevits (la majoria) sense mitjons, ens ho vam passar genial! Si voleu&hellip;  <a href=\"https:\/\/agora.xtec.cat\/cee-jeronimoragas-cerdanyola\/general\/el-jeroni-a-la-selva-de-laventura\/\" title=\"Read El Jeroni a La Selva de l&#8217;Aventura!\">Llegeix m\u00e9s\u00bb<\/a><\/p>\n","protected":false},"author":1,"featured_media":0,"comment_status":"open","ping_status":"closed","sticky":false,"template":"","format":"standard","meta":{"_bbp_topic_count":0,"_bbp_reply_count":0,"_bbp_total_topic_count":0,"_bbp_total_reply_count":0,"_bbp_voice_count":0,"_bbp_anonymous_reply_count":0,"_bbp_topic_count_hidden":0,"_bbp_reply_count_hidden":0,"_bbp_forum_subforum_count":0,"footnotes":""},"categories":[1,4],"tags":[],"class_list":["post-2126","post","type-post","status-publish","format-standard","hentry","category-general","category-portada"],"post_mailing_queue_ids":[],"_links":{"self":[{"href":"https:\/\/agora.xtec.cat\/cee-jeronimoragas-cerdanyola\/wp-json\/wp\/v2\/posts\/2126","targetHints":{"allow":["GET"]}}],"collection":[{"href":"https:\/\/agora.xtec.cat\/cee-jeronimoragas-cerdanyola\/wp-json\/wp\/v2\/posts"}],"about":[{"href":"https:\/\/agora.xtec.cat\/cee-jeronimoragas-cerdanyola\/wp-json\/wp\/v2\/types\/post"}],"author":[{"embeddable":true,"href":"https:\/\/agora.xtec.cat\/cee-jeronimoragas-cerdanyola\/wp-json\/wp\/v2\/users\/1"}],"replies":[{"embeddable":true,"href":"https:\/\/agora.xtec.cat\/cee-jeronimoragas-cerdanyola\/wp-json\/wp\/v2\/comments?post=2126"}],"version-history":[{"count":2,"href":"https:\/\/agora.xtec.cat\/cee-jeronimoragas-cerdanyola\/wp-json\/wp\/v2\/posts\/2126\/revisions"}],"predecessor-version":[{"id":2129,"href":"https:\/\/agora.xtec.cat\/cee-jeronimoragas-cerdanyola\/wp-json\/wp\/v2\/posts\/2126\/revisions\/2129"}],"wp:attachment":[{"href":"https:\/\/agora.xtec.cat\/cee-jeronimoragas-cerdanyola\/wp-json\/wp\/v2\/media?parent=2126"}],"wp:term":[{"taxonomy":"category","embeddable":true,"href":"https:\/\/agora.xtec.cat\/cee-jeronimoragas-cerdanyola\/wp-json\/wp\/v2\/categories?post=2126"},{"taxonomy":"post_tag","embeddable":true,"href":"https:\/\/agora.xtec.cat\/cee-jeronimoragas-cerdanyola\/wp-json\/wp\/v2\/tags?post=2126"}],"curies":[{"name":"wp","href":"https:\/\/api.w.org\/{rel}","templated":true}]}}