{"id":2078,"date":"2023-03-22T12:54:03","date_gmt":"2023-03-22T11:54:03","guid":{"rendered":"https:\/\/agora.xtec.cat\/cee-jeronimoragas-cerdanyola\/?p=2078"},"modified":"2023-03-22T12:54:03","modified_gmt":"2023-03-22T11:54:03","slug":"el-grup-blanc-juga-a-enderrocar-un-castell","status":"publish","type":"post","link":"https:\/\/agora.xtec.cat\/cee-jeronimoragas-cerdanyola\/general\/el-grup-blanc-juga-a-enderrocar-un-castell\/","title":{"rendered":"El grup Blanc juga a enderrocar un castell!"},"content":{"rendered":"<p>El grup Blanc juga a enderrocar un castell a la sessi\u00f3 de Psicomotricitat! Si voleu veure el v\u00eddeo, cliqueu a sobre de la primera imatge i aix\u00ed podreu veure que b\u00e9 s&#8217;ho passen!<\/p>\n<p><a href=\"https:\/\/youtu.be\/HCAa_Osv7Og\"><img loading=\"lazy\" decoding=\"async\" class=\"alignnone size-large wp-image-2077\" src=\"https:\/\/agora.xtec.cat\/cee-jeronimoragas-cerdanyola\/wp-content\/uploads\/usu2099\/2023\/03\/ENDERROCAR-EL-CASTELL_page-0001-1024x576.jpg\" alt=\"\" width=\"1024\" height=\"576\" srcset=\"https:\/\/agora.xtec.cat\/cee-jeronimoragas-cerdanyola\/wp-content\/uploads\/usu2099\/2023\/03\/ENDERROCAR-EL-CASTELL_page-0001-1024x576.jpg 1024w, https:\/\/agora.xtec.cat\/cee-jeronimoragas-cerdanyola\/wp-content\/uploads\/usu2099\/2023\/03\/ENDERROCAR-EL-CASTELL_page-0001-300x169.jpg 300w, https:\/\/agora.xtec.cat\/cee-jeronimoragas-cerdanyola\/wp-content\/uploads\/usu2099\/2023\/03\/ENDERROCAR-EL-CASTELL_page-0001-768x432.jpg 768w, https:\/\/agora.xtec.cat\/cee-jeronimoragas-cerdanyola\/wp-content\/uploads\/usu2099\/2023\/03\/ENDERROCAR-EL-CASTELL_page-0001-1536x864.jpg 1536w, https:\/\/agora.xtec.cat\/cee-jeronimoragas-cerdanyola\/wp-content\/uploads\/usu2099\/2023\/03\/ENDERROCAR-EL-CASTELL_page-0001-2048x1152.jpg 2048w\" sizes=\"auto, (max-width: 1024px) 100vw, 1024px\" \/><\/a> <img loading=\"lazy\" decoding=\"async\" class=\"alignnone size-large wp-image-2076\" src=\"https:\/\/agora.xtec.cat\/cee-jeronimoragas-cerdanyola\/wp-content\/uploads\/usu2099\/2023\/03\/ENDERROCAR-EL-CASTELL_page-0003-1024x576.jpg\" alt=\"\" width=\"1024\" height=\"576\" srcset=\"https:\/\/agora.xtec.cat\/cee-jeronimoragas-cerdanyola\/wp-content\/uploads\/usu2099\/2023\/03\/ENDERROCAR-EL-CASTELL_page-0003-1024x576.jpg 1024w, https:\/\/agora.xtec.cat\/cee-jeronimoragas-cerdanyola\/wp-content\/uploads\/usu2099\/2023\/03\/ENDERROCAR-EL-CASTELL_page-0003-300x169.jpg 300w, https:\/\/agora.xtec.cat\/cee-jeronimoragas-cerdanyola\/wp-content\/uploads\/usu2099\/2023\/03\/ENDERROCAR-EL-CASTELL_page-0003-768x432.jpg 768w, https:\/\/agora.xtec.cat\/cee-jeronimoragas-cerdanyola\/wp-content\/uploads\/usu2099\/2023\/03\/ENDERROCAR-EL-CASTELL_page-0003-1536x864.jpg 1536w, https:\/\/agora.xtec.cat\/cee-jeronimoragas-cerdanyola\/wp-content\/uploads\/usu2099\/2023\/03\/ENDERROCAR-EL-CASTELL_page-0003-2048x1152.jpg 2048w\" sizes=\"auto, (max-width: 1024px) 100vw, 1024px\" \/> <img loading=\"lazy\" decoding=\"async\" class=\"alignnone size-large wp-image-2075\" src=\"https:\/\/agora.xtec.cat\/cee-jeronimoragas-cerdanyola\/wp-content\/uploads\/usu2099\/2023\/03\/ENDERROCAR-EL-CASTELL_page-0002-1024x576.jpg\" alt=\"\" width=\"1024\" height=\"576\" srcset=\"https:\/\/agora.xtec.cat\/cee-jeronimoragas-cerdanyola\/wp-content\/uploads\/usu2099\/2023\/03\/ENDERROCAR-EL-CASTELL_page-0002-1024x576.jpg 1024w, https:\/\/agora.xtec.cat\/cee-jeronimoragas-cerdanyola\/wp-content\/uploads\/usu2099\/2023\/03\/ENDERROCAR-EL-CASTELL_page-0002-300x169.jpg 300w, https:\/\/agora.xtec.cat\/cee-jeronimoragas-cerdanyola\/wp-content\/uploads\/usu2099\/2023\/03\/ENDERROCAR-EL-CASTELL_page-0002-768x432.jpg 768w, https:\/\/agora.xtec.cat\/cee-jeronimoragas-cerdanyola\/wp-content\/uploads\/usu2099\/2023\/03\/ENDERROCAR-EL-CASTELL_page-0002-1536x864.jpg 1536w, https:\/\/agora.xtec.cat\/cee-jeronimoragas-cerdanyola\/wp-content\/uploads\/usu2099\/2023\/03\/ENDERROCAR-EL-CASTELL_page-0002-2048x1152.jpg 2048w\" sizes=\"auto, (max-width: 1024px) 100vw, 1024px\" \/><\/p>\n","protected":false},"excerpt":{"rendered":"<p>El grup Blanc juga a enderrocar un castell a la sessi\u00f3 de Psicomotricitat! Si voleu veure el v\u00eddeo, cliqueu a sobre de la primera imatge i aix\u00ed podreu veure que b\u00e9 s&#8217;ho passen!<br \/>\n<a href=\"https:\/\/youtu.be\/HCAa_Osv7Og\"><\/a>  <\/p>\n","protected":false},"author":1,"featured_media":2080,"comment_status":"open","ping_status":"closed","sticky":false,"template":"","format":"standard","meta":{"_bbp_topic_count":0,"_bbp_reply_count":0,"_bbp_total_topic_count":0,"_bbp_total_reply_count":0,"_bbp_voice_count":0,"_bbp_anonymous_reply_count":0,"_bbp_topic_count_hidden":0,"_bbp_reply_count_hidden":0,"_bbp_forum_subforum_count":0,"footnotes":""},"categories":[77,1,90,4],"tags":[],"class_list":["post-2078","post","type-post","status-publish","format-standard","has-post-thumbnail","hentry","category-educacio-fisica","category-general","category-grup-blanc-1","category-portada"],"post_mailing_queue_ids":[],"_links":{"self":[{"href":"https:\/\/agora.xtec.cat\/cee-jeronimoragas-cerdanyola\/wp-json\/wp\/v2\/posts\/2078","targetHints":{"allow":["GET"]}}],"collection":[{"href":"https:\/\/agora.xtec.cat\/cee-jeronimoragas-cerdanyola\/wp-json\/wp\/v2\/posts"}],"about":[{"href":"https:\/\/agora.xtec.cat\/cee-jeronimoragas-cerdanyola\/wp-json\/wp\/v2\/types\/post"}],"author":[{"embeddable":true,"href":"https:\/\/agora.xtec.cat\/cee-jeronimoragas-cerdanyola\/wp-json\/wp\/v2\/users\/1"}],"replies":[{"embeddable":true,"href":"https:\/\/agora.xtec.cat\/cee-jeronimoragas-cerdanyola\/wp-json\/wp\/v2\/comments?post=2078"}],"version-history":[{"count":2,"href":"https:\/\/agora.xtec.cat\/cee-jeronimoragas-cerdanyola\/wp-json\/wp\/v2\/posts\/2078\/revisions"}],"predecessor-version":[{"id":2081,"href":"https:\/\/agora.xtec.cat\/cee-jeronimoragas-cerdanyola\/wp-json\/wp\/v2\/posts\/2078\/revisions\/2081"}],"wp:featuredmedia":[{"embeddable":true,"href":"https:\/\/agora.xtec.cat\/cee-jeronimoragas-cerdanyola\/wp-json\/wp\/v2\/media\/2080"}],"wp:attachment":[{"href":"https:\/\/agora.xtec.cat\/cee-jeronimoragas-cerdanyola\/wp-json\/wp\/v2\/media?parent=2078"}],"wp:term":[{"taxonomy":"category","embeddable":true,"href":"https:\/\/agora.xtec.cat\/cee-jeronimoragas-cerdanyola\/wp-json\/wp\/v2\/categories?post=2078"},{"taxonomy":"post_tag","embeddable":true,"href":"https:\/\/agora.xtec.cat\/cee-jeronimoragas-cerdanyola\/wp-json\/wp\/v2\/tags?post=2078"}],"curies":[{"name":"wp","href":"https:\/\/api.w.org\/{rel}","templated":true}]}}