{"id":2020,"date":"2023-03-06T10:49:37","date_gmt":"2023-03-06T09:49:37","guid":{"rendered":"https:\/\/agora.xtec.cat\/cee-jeronimoragas-cerdanyola\/?p=2020"},"modified":"2023-03-06T10:49:37","modified_gmt":"2023-03-06T09:49:37","slug":"jornada-esportiva-amb-lescola-vitae","status":"publish","type":"post","link":"https:\/\/agora.xtec.cat\/cee-jeronimoragas-cerdanyola\/general\/jornada-esportiva-amb-lescola-vitae\/","title":{"rendered":"Jornada esportiva amb l&#8217;escola Vitae!"},"content":{"rendered":"<p>Ara ja fa uns dies, l&#8217;alumnat del tercer itinerari va compartir un dia de jornades esportives amb alumnes de l&#8217;escola Vitae. Els alumnes d&#8217;aquesta escola van preparar una gimcana amb diferents estacions. La jornada va durar gaireb\u00e9 tot el mat\u00ed i els nostres alumnes del Jeroni van estar molt engrescats durant tota la sessi\u00f3!<\/p>\n<p>Va ser un dia genial, tant de bo puguem tornar a repetir!<\/p>\n<p>&nbsp;<\/p>\n<p><a href=\"https:\/\/agora.xtec.cat\/cee-jeronimoragas-cerdanyola\/wp-content\/uploads\/usu2099\/2023\/03\/EDUCACIO-FISICA.jpg\"><img loading=\"lazy\" decoding=\"async\" class=\"alignnone size-large wp-image-2019\" src=\"https:\/\/agora.xtec.cat\/cee-jeronimoragas-cerdanyola\/wp-content\/uploads\/usu2099\/2023\/03\/EDUCACIO-FISICA-1024x819.jpg\" alt=\"\" width=\"1024\" height=\"819\" srcset=\"https:\/\/agora.xtec.cat\/cee-jeronimoragas-cerdanyola\/wp-content\/uploads\/usu2099\/2023\/03\/EDUCACIO-FISICA-1024x819.jpg 1024w, https:\/\/agora.xtec.cat\/cee-jeronimoragas-cerdanyola\/wp-content\/uploads\/usu2099\/2023\/03\/EDUCACIO-FISICA-300x240.jpg 300w, https:\/\/agora.xtec.cat\/cee-jeronimoragas-cerdanyola\/wp-content\/uploads\/usu2099\/2023\/03\/EDUCACIO-FISICA-768x614.jpg 768w, https:\/\/agora.xtec.cat\/cee-jeronimoragas-cerdanyola\/wp-content\/uploads\/usu2099\/2023\/03\/EDUCACIO-FISICA-1536x1229.jpg 1536w, https:\/\/agora.xtec.cat\/cee-jeronimoragas-cerdanyola\/wp-content\/uploads\/usu2099\/2023\/03\/EDUCACIO-FISICA.jpg 2000w\" sizes=\"auto, (max-width: 1024px) 100vw, 1024px\" \/><\/a><\/p>\n<p>&nbsp;<\/p>\n<p>&nbsp;<\/p>\n","protected":false},"excerpt":{"rendered":"<p>Ara ja fa uns dies, l&#8217;alumnat del tercer itinerari va compartir un dia de jornades esportives amb alumnes de l&#8217;escola Vitae. Els alumnes d&#8217;aquesta escola van preparar una gimcana amb diferents estacions. La jornada va durar gaireb\u00e9 tot el mat\u00ed i els nostres alumnes del&hellip;  <a href=\"https:\/\/agora.xtec.cat\/cee-jeronimoragas-cerdanyola\/general\/jornada-esportiva-amb-lescola-vitae\/\" title=\"Read Jornada esportiva amb l&#8217;escola Vitae!\">Llegeix m\u00e9s\u00bb<\/a><\/p>\n","protected":false},"author":1,"featured_media":0,"comment_status":"open","ping_status":"closed","sticky":false,"template":"","format":"standard","meta":{"_bbp_topic_count":0,"_bbp_reply_count":0,"_bbp_total_topic_count":0,"_bbp_total_reply_count":0,"_bbp_voice_count":0,"_bbp_anonymous_reply_count":0,"_bbp_topic_count_hidden":0,"_bbp_reply_count_hidden":0,"_bbp_forum_subforum_count":0,"footnotes":""},"categories":[77,83,1,4],"tags":[],"class_list":["post-2020","post","type-post","status-publish","format-standard","hentry","category-educacio-fisica","category-especialitats","category-general","category-portada"],"post_mailing_queue_ids":[],"_links":{"self":[{"href":"https:\/\/agora.xtec.cat\/cee-jeronimoragas-cerdanyola\/wp-json\/wp\/v2\/posts\/2020","targetHints":{"allow":["GET"]}}],"collection":[{"href":"https:\/\/agora.xtec.cat\/cee-jeronimoragas-cerdanyola\/wp-json\/wp\/v2\/posts"}],"about":[{"href":"https:\/\/agora.xtec.cat\/cee-jeronimoragas-cerdanyola\/wp-json\/wp\/v2\/types\/post"}],"author":[{"embeddable":true,"href":"https:\/\/agora.xtec.cat\/cee-jeronimoragas-cerdanyola\/wp-json\/wp\/v2\/users\/1"}],"replies":[{"embeddable":true,"href":"https:\/\/agora.xtec.cat\/cee-jeronimoragas-cerdanyola\/wp-json\/wp\/v2\/comments?post=2020"}],"version-history":[{"count":3,"href":"https:\/\/agora.xtec.cat\/cee-jeronimoragas-cerdanyola\/wp-json\/wp\/v2\/posts\/2020\/revisions"}],"predecessor-version":[{"id":2023,"href":"https:\/\/agora.xtec.cat\/cee-jeronimoragas-cerdanyola\/wp-json\/wp\/v2\/posts\/2020\/revisions\/2023"}],"wp:attachment":[{"href":"https:\/\/agora.xtec.cat\/cee-jeronimoragas-cerdanyola\/wp-json\/wp\/v2\/media?parent=2020"}],"wp:term":[{"taxonomy":"category","embeddable":true,"href":"https:\/\/agora.xtec.cat\/cee-jeronimoragas-cerdanyola\/wp-json\/wp\/v2\/categories?post=2020"},{"taxonomy":"post_tag","embeddable":true,"href":"https:\/\/agora.xtec.cat\/cee-jeronimoragas-cerdanyola\/wp-json\/wp\/v2\/tags?post=2020"}],"curies":[{"name":"wp","href":"https:\/\/api.w.org\/{rel}","templated":true}]}}