{"id":1596,"date":"2022-04-28T10:04:01","date_gmt":"2022-04-28T08:04:01","guid":{"rendered":"https:\/\/agora.xtec.cat\/cee-jeronimoragas-cerdanyola\/?p=1596"},"modified":"2022-05-17T12:46:46","modified_gmt":"2022-05-17T10:46:46","slug":"el-grup-lila-fa-ioga","status":"publish","type":"post","link":"https:\/\/agora.xtec.cat\/cee-jeronimoragas-cerdanyola\/general\/el-grup-lila-fa-ioga\/","title":{"rendered":"El grup Lila fa ioga"},"content":{"rendered":"<p>El grup <strong>Lila<\/strong> va gaudir d\u2019una sessi\u00f3 de Ioga a la sala de psicomotricitat. Van venir membres de l\u2019escola Barcanova a fer-nos l\u2019activitat, Paco , el mestre de Ioga i dos alumnes , el Javi i la Sonia, ex alumna del Jeroni. Ens van ensenyar algunes figures t\u00edpiques del Ioga, i t\u00e8cniques de relaxaci\u00f3.<\/p>\n<p>Ens ho vam passar molt b\u00e9.<\/p>\n<p><img loading=\"lazy\" decoding=\"async\" class=\"aligncenter size-full wp-image-1597\" src=\"https:\/\/agora.xtec.cat\/cee-jeronimoragas-cerdanyola\/wp-content\/uploads\/usu2099\/2022\/04\/Publicacio-1.png\" alt=\"\" width=\"1052\" height=\"792\" srcset=\"https:\/\/agora.xtec.cat\/cee-jeronimoragas-cerdanyola\/wp-content\/uploads\/usu2099\/2022\/04\/Publicacio-1.png 1052w, https:\/\/agora.xtec.cat\/cee-jeronimoragas-cerdanyola\/wp-content\/uploads\/usu2099\/2022\/04\/Publicacio-1-300x226.png 300w, https:\/\/agora.xtec.cat\/cee-jeronimoragas-cerdanyola\/wp-content\/uploads\/usu2099\/2022\/04\/Publicacio-1-1024x771.png 1024w, https:\/\/agora.xtec.cat\/cee-jeronimoragas-cerdanyola\/wp-content\/uploads\/usu2099\/2022\/04\/Publicacio-1-768x578.png 768w, https:\/\/agora.xtec.cat\/cee-jeronimoragas-cerdanyola\/wp-content\/uploads\/usu2099\/2022\/04\/Publicacio-1-200x150.png 200w\" sizes=\"auto, (max-width: 1052px) 100vw, 1052px\" \/><\/p>\n","protected":false},"excerpt":{"rendered":"<p>El grup Lila va gaudir d\u2019una sessi\u00f3 de Ioga a la sala de psicomotricitat. Van venir membres de l\u2019escola Barcanova a fer-nos l\u2019activitat, Paco , el mestre de Ioga i dos alumnes , el Javi i la Sonia, ex alumna del Jeroni. Ens van ensenyar&hellip;  <a href=\"https:\/\/agora.xtec.cat\/cee-jeronimoragas-cerdanyola\/general\/el-grup-lila-fa-ioga\/\" title=\"Read El grup Lila fa ioga\">Llegeix m\u00e9s\u00bb<\/a><\/p>\n","protected":false},"author":1,"featured_media":0,"comment_status":"open","ping_status":"closed","sticky":false,"template":"","format":"standard","meta":{"_bbp_topic_count":0,"_bbp_reply_count":0,"_bbp_total_topic_count":0,"_bbp_total_reply_count":0,"_bbp_voice_count":0,"_bbp_anonymous_reply_count":0,"_bbp_topic_count_hidden":0,"_bbp_reply_count_hidden":0,"_bbp_forum_subforum_count":0,"footnotes":""},"categories":[1,67,4],"tags":[],"class_list":["post-1596","post","type-post","status-publish","format-standard","hentry","category-general","category-grup-lila","category-portada"],"post_mailing_queue_ids":[],"_links":{"self":[{"href":"https:\/\/agora.xtec.cat\/cee-jeronimoragas-cerdanyola\/wp-json\/wp\/v2\/posts\/1596","targetHints":{"allow":["GET"]}}],"collection":[{"href":"https:\/\/agora.xtec.cat\/cee-jeronimoragas-cerdanyola\/wp-json\/wp\/v2\/posts"}],"about":[{"href":"https:\/\/agora.xtec.cat\/cee-jeronimoragas-cerdanyola\/wp-json\/wp\/v2\/types\/post"}],"author":[{"embeddable":true,"href":"https:\/\/agora.xtec.cat\/cee-jeronimoragas-cerdanyola\/wp-json\/wp\/v2\/users\/1"}],"replies":[{"embeddable":true,"href":"https:\/\/agora.xtec.cat\/cee-jeronimoragas-cerdanyola\/wp-json\/wp\/v2\/comments?post=1596"}],"version-history":[{"count":3,"href":"https:\/\/agora.xtec.cat\/cee-jeronimoragas-cerdanyola\/wp-json\/wp\/v2\/posts\/1596\/revisions"}],"predecessor-version":[{"id":1703,"href":"https:\/\/agora.xtec.cat\/cee-jeronimoragas-cerdanyola\/wp-json\/wp\/v2\/posts\/1596\/revisions\/1703"}],"wp:attachment":[{"href":"https:\/\/agora.xtec.cat\/cee-jeronimoragas-cerdanyola\/wp-json\/wp\/v2\/media?parent=1596"}],"wp:term":[{"taxonomy":"category","embeddable":true,"href":"https:\/\/agora.xtec.cat\/cee-jeronimoragas-cerdanyola\/wp-json\/wp\/v2\/categories?post=1596"},{"taxonomy":"post_tag","embeddable":true,"href":"https:\/\/agora.xtec.cat\/cee-jeronimoragas-cerdanyola\/wp-json\/wp\/v2\/tags?post=1596"}],"curies":[{"name":"wp","href":"https:\/\/api.w.org\/{rel}","templated":true}]}}