{"id":1532,"date":"2022-04-07T13:33:37","date_gmt":"2022-04-07T11:33:37","guid":{"rendered":"https:\/\/agora.xtec.cat\/cee-jeronimoragas-cerdanyola\/?p=1532"},"modified":"2022-05-17T10:36:54","modified_gmt":"2022-05-17T08:36:54","slug":"el-conte-de-la-caputxeta-vermella-al-grup-gris","status":"publish","type":"post","link":"https:\/\/agora.xtec.cat\/cee-jeronimoragas-cerdanyola\/general\/el-conte-de-la-caputxeta-vermella-al-grup-gris\/","title":{"rendered":"El conte de la Caputxeta Vermella al grup Gris"},"content":{"rendered":"<p>El grup <span style=\"color: #808080;\"><b>Gris<\/b><\/span>, en el taller d\u2019expressi\u00f3, ha representat una adaptaci\u00f3 del conte de la Caputxeta Vermella .<\/p>\n<p>Aquesta activitat\u00a0 ha perm\u00e8s que els nens vagin desenvolupant la seva creativitat, treballin l\u2019expressi\u00f3 oral i siguin conscients de les diferents emocions que experimenten els personatges. A m\u00e9s els ha ajudat a tenir m\u00e9s confian\u00e7a en les seves capacitats i\u00a0 a gaudir for\u00e7a.<\/p>\n<p>Us presentem aquest petit video com a resum de l\u2019activitat. Esperem que us agradi!<\/p>\n<p>&nbsp;<\/p>\n<p><iframe loading=\"lazy\" title=\"Conte Caputxeta vermella al grup Gris (Curs 2021-2022)\" width=\"500\" height=\"281\" src=\"https:\/\/www.youtube.com\/embed\/2oQ_vKrEz8I?feature=oembed\" frameborder=\"0\" allow=\"accelerometer; autoplay; clipboard-write; encrypted-media; gyroscope; picture-in-picture; web-share\" referrerpolicy=\"strict-origin-when-cross-origin\" allowfullscreen><\/iframe><\/p>\n","protected":false},"excerpt":{"rendered":"<p>El grup Gris, en el taller d\u2019expressi\u00f3, ha representat una adaptaci\u00f3 del conte de la Caputxeta Vermella .<br \/>\nAquesta activitat\u00a0 ha perm\u00e8s que els nens vagin desenvolupant la seva creativitat, treballin l\u2019expressi\u00f3 oral i siguin conscients de les diferents emocions que experimenten els personatges. A m\u00e9s&hellip;  <a href=\"https:\/\/agora.xtec.cat\/cee-jeronimoragas-cerdanyola\/general\/el-conte-de-la-caputxeta-vermella-al-grup-gris\/\" title=\"Read El conte de la Caputxeta Vermella al grup Gris\">Llegeix m\u00e9s\u00bb<\/a><\/p>\n","protected":false},"author":1,"featured_media":1535,"comment_status":"open","ping_status":"closed","sticky":false,"template":"","format":"standard","meta":{"_bbp_topic_count":0,"_bbp_reply_count":0,"_bbp_total_topic_count":0,"_bbp_total_reply_count":0,"_bbp_voice_count":0,"_bbp_anonymous_reply_count":0,"_bbp_topic_count_hidden":0,"_bbp_reply_count_hidden":0,"_bbp_forum_subforum_count":0,"footnotes":""},"categories":[1,66,4],"tags":[93],"class_list":["post-1532","post","type-post","status-publish","format-standard","has-post-thumbnail","hentry","category-general","category-grup-gris","category-portada","tag-3er-itinerari"],"post_mailing_queue_ids":[],"_links":{"self":[{"href":"https:\/\/agora.xtec.cat\/cee-jeronimoragas-cerdanyola\/wp-json\/wp\/v2\/posts\/1532","targetHints":{"allow":["GET"]}}],"collection":[{"href":"https:\/\/agora.xtec.cat\/cee-jeronimoragas-cerdanyola\/wp-json\/wp\/v2\/posts"}],"about":[{"href":"https:\/\/agora.xtec.cat\/cee-jeronimoragas-cerdanyola\/wp-json\/wp\/v2\/types\/post"}],"author":[{"embeddable":true,"href":"https:\/\/agora.xtec.cat\/cee-jeronimoragas-cerdanyola\/wp-json\/wp\/v2\/users\/1"}],"replies":[{"embeddable":true,"href":"https:\/\/agora.xtec.cat\/cee-jeronimoragas-cerdanyola\/wp-json\/wp\/v2\/comments?post=1532"}],"version-history":[{"count":3,"href":"https:\/\/agora.xtec.cat\/cee-jeronimoragas-cerdanyola\/wp-json\/wp\/v2\/posts\/1532\/revisions"}],"predecessor-version":[{"id":1595,"href":"https:\/\/agora.xtec.cat\/cee-jeronimoragas-cerdanyola\/wp-json\/wp\/v2\/posts\/1532\/revisions\/1595"}],"wp:featuredmedia":[{"embeddable":true,"href":"https:\/\/agora.xtec.cat\/cee-jeronimoragas-cerdanyola\/wp-json\/wp\/v2\/media\/1535"}],"wp:attachment":[{"href":"https:\/\/agora.xtec.cat\/cee-jeronimoragas-cerdanyola\/wp-json\/wp\/v2\/media?parent=1532"}],"wp:term":[{"taxonomy":"category","embeddable":true,"href":"https:\/\/agora.xtec.cat\/cee-jeronimoragas-cerdanyola\/wp-json\/wp\/v2\/categories?post=1532"},{"taxonomy":"post_tag","embeddable":true,"href":"https:\/\/agora.xtec.cat\/cee-jeronimoragas-cerdanyola\/wp-json\/wp\/v2\/tags?post=1532"}],"curies":[{"name":"wp","href":"https:\/\/api.w.org\/{rel}","templated":true}]}}