{"id":1097,"date":"2022-03-09T12:35:06","date_gmt":"2022-03-09T11:35:06","guid":{"rendered":"https:\/\/agora.xtec.cat\/cee-jeronimoragas-cerdanyola\/?p=1097"},"modified":"2022-03-14T10:32:38","modified_gmt":"2022-03-14T09:32:38","slug":"grup-blanc","status":"publish","type":"post","link":"https:\/\/agora.xtec.cat\/cee-jeronimoragas-cerdanyola\/general\/grup-blanc\/","title":{"rendered":"El carnestoltes al Grup Blanc"},"content":{"rendered":"<p>Benvolguts pares,<br \/>\nSom el grup <strong>Blanc<\/strong> i hem treballat el Carnestoltes fent una manualitat. Hem decorat m\u00e0scares.<br \/>\nHem comen\u00e7at pintant-les amb una de les diverses t\u00e8cniques pict\u00f2riques com \u00e9s la d\u2019impregnar una esponja amb pintura per tal d\u2019incentivar la seva creativitat. Despr\u00e8s les han decorat amb gomets treballant la seva motricitat fina amb la t\u00e8cnica anomenada pinces. Per \u00faltim les hem vernissat per que quedessin m\u00e9s boniques.<br \/>\nUs hem posat tal com han quedat.<\/p>\n<p><a href=\"https:\/\/agora.xtec.cat\/cee-jeronimoragas-cerdanyola\/wp-content\/uploads\/usu2099\/2022\/03\/2.jpg\"><img loading=\"lazy\" decoding=\"async\" class=\" wp-image-1099 aligncenter\" src=\"https:\/\/agora.xtec.cat\/cee-jeronimoragas-cerdanyola\/wp-content\/uploads\/usu2099\/2022\/03\/2.jpg\" alt=\"\" width=\"675\" height=\"236\" srcset=\"https:\/\/agora.xtec.cat\/cee-jeronimoragas-cerdanyola\/wp-content\/uploads\/usu2099\/2022\/03\/2.jpg 595w, https:\/\/agora.xtec.cat\/cee-jeronimoragas-cerdanyola\/wp-content\/uploads\/usu2099\/2022\/03\/2-300x105.jpg 300w\" sizes=\"auto, (max-width: 675px) 100vw, 675px\" \/><\/a><a href=\"https:\/\/agora.xtec.cat\/cee-jeronimoragas-cerdanyola\/wp-content\/uploads\/usu2099\/2022\/03\/1.jpg\"><img loading=\"lazy\" decoding=\"async\" class=\"wp-image-1098 aligncenter\" src=\"https:\/\/agora.xtec.cat\/cee-jeronimoragas-cerdanyola\/wp-content\/uploads\/usu2099\/2022\/03\/1.jpg\" alt=\"\" width=\"515\" height=\"387\" srcset=\"https:\/\/agora.xtec.cat\/cee-jeronimoragas-cerdanyola\/wp-content\/uploads\/usu2099\/2022\/03\/1.jpg 606w, https:\/\/agora.xtec.cat\/cee-jeronimoragas-cerdanyola\/wp-content\/uploads\/usu2099\/2022\/03\/1-300x225.jpg 300w, https:\/\/agora.xtec.cat\/cee-jeronimoragas-cerdanyola\/wp-content\/uploads\/usu2099\/2022\/03\/1-200x150.jpg 200w\" sizes=\"auto, (max-width: 515px) 100vw, 515px\" \/><\/a><\/p>\n","protected":false},"excerpt":{"rendered":"<p>Benvolguts pares,<br \/>\nSom el grup Blanc i hem treballat el Carnestoltes fent una manualitat. Hem decorat m\u00e0scares.<br \/>\nHem comen\u00e7at pintant-les amb una de les diverses t\u00e8cniques pict\u00f2riques com \u00e9s la d\u2019impregnar una esponja amb pintura per tal d\u2019incentivar la seva creativitat. Despr\u00e8s les han decorat amb gomets&hellip;  <a href=\"https:\/\/agora.xtec.cat\/cee-jeronimoragas-cerdanyola\/general\/grup-blanc\/\" title=\"Read El carnestoltes al Grup Blanc\">Llegeix m\u00e9s\u00bb<\/a><\/p>\n","protected":false},"author":1,"featured_media":0,"comment_status":"open","ping_status":"closed","sticky":false,"template":"","format":"standard","meta":{"_bbp_topic_count":0,"_bbp_reply_count":0,"_bbp_total_topic_count":0,"_bbp_total_reply_count":0,"_bbp_voice_count":0,"_bbp_anonymous_reply_count":0,"_bbp_topic_count_hidden":0,"_bbp_reply_count_hidden":0,"_bbp_forum_subforum_count":0,"footnotes":""},"categories":[1,90,4],"tags":[71,89],"class_list":["post-1097","post","type-post","status-publish","format-standard","hentry","category-general","category-grup-blanc-1","category-portada","tag-2n-itinerari","tag-carnaval"],"post_mailing_queue_ids":[],"_links":{"self":[{"href":"https:\/\/agora.xtec.cat\/cee-jeronimoragas-cerdanyola\/wp-json\/wp\/v2\/posts\/1097","targetHints":{"allow":["GET"]}}],"collection":[{"href":"https:\/\/agora.xtec.cat\/cee-jeronimoragas-cerdanyola\/wp-json\/wp\/v2\/posts"}],"about":[{"href":"https:\/\/agora.xtec.cat\/cee-jeronimoragas-cerdanyola\/wp-json\/wp\/v2\/types\/post"}],"author":[{"embeddable":true,"href":"https:\/\/agora.xtec.cat\/cee-jeronimoragas-cerdanyola\/wp-json\/wp\/v2\/users\/1"}],"replies":[{"embeddable":true,"href":"https:\/\/agora.xtec.cat\/cee-jeronimoragas-cerdanyola\/wp-json\/wp\/v2\/comments?post=1097"}],"version-history":[{"count":3,"href":"https:\/\/agora.xtec.cat\/cee-jeronimoragas-cerdanyola\/wp-json\/wp\/v2\/posts\/1097\/revisions"}],"predecessor-version":[{"id":1319,"href":"https:\/\/agora.xtec.cat\/cee-jeronimoragas-cerdanyola\/wp-json\/wp\/v2\/posts\/1097\/revisions\/1319"}],"wp:attachment":[{"href":"https:\/\/agora.xtec.cat\/cee-jeronimoragas-cerdanyola\/wp-json\/wp\/v2\/media?parent=1097"}],"wp:term":[{"taxonomy":"category","embeddable":true,"href":"https:\/\/agora.xtec.cat\/cee-jeronimoragas-cerdanyola\/wp-json\/wp\/v2\/categories?post=1097"},{"taxonomy":"post_tag","embeddable":true,"href":"https:\/\/agora.xtec.cat\/cee-jeronimoragas-cerdanyola\/wp-json\/wp\/v2\/tags?post=1097"}],"curies":[{"name":"wp","href":"https:\/\/api.w.org\/{rel}","templated":true}]}}