{"id":738,"date":"2025-12-05T13:52:40","date_gmt":"2025-12-05T12:52:40","guid":{"rendered":"https:\/\/agora.xtec.cat\/cee-escoladejardineria\/?p=738"},"modified":"2025-12-05T13:52:40","modified_gmt":"2025-12-05T12:52:40","slug":"limo-camina-per-la-marato","status":"publish","type":"post","link":"https:\/\/agora.xtec.cat\/cee-escoladejardineria\/general\/limo-camina-per-la-marato\/","title":{"rendered":"L\u2019IMO camina per La Marat\u00f3!"},"content":{"rendered":"<p>El passat dissabte 29\/11\/25 vam tornar a demostrar que Lleida \u00e9s sin\u00f2nim de solidaritat amb la caminada solid\u00e0ria per recaptar fons per La Marat\u00f3 de 3CAT, enguany dedicada al c\u00e0ncer.<\/p>\n<p>La ruta, de 6km i amb sortida i arribada des de la nostra escola, va contar amb 196 participants i es van recaptar 921,50\u20ac.<a href=\"https:\/\/agora.xtec.cat\/cee-escoladejardineria\/wp-content\/uploads\/usu2311\/2025\/12\/GRUP-2-scaled.jpeg\"><img loading=\"lazy\" decoding=\"async\" class=\"aligncenter  wp-image-739\" src=\"https:\/\/agora.xtec.cat\/cee-escoladejardineria\/wp-content\/uploads\/usu2311\/2025\/12\/GRUP-2-300x188.jpeg\" alt=\"\" width=\"411\" height=\"258\" srcset=\"https:\/\/agora.xtec.cat\/cee-escoladejardineria\/wp-content\/uploads\/usu2311\/2025\/12\/GRUP-2-300x188.jpeg 300w, https:\/\/agora.xtec.cat\/cee-escoladejardineria\/wp-content\/uploads\/usu2311\/2025\/12\/GRUP-2-1024x640.jpeg 1024w, https:\/\/agora.xtec.cat\/cee-escoladejardineria\/wp-content\/uploads\/usu2311\/2025\/12\/GRUP-2-768x480.jpeg 768w, https:\/\/agora.xtec.cat\/cee-escoladejardineria\/wp-content\/uploads\/usu2311\/2025\/12\/GRUP-2-1536x960.jpeg 1536w, https:\/\/agora.xtec.cat\/cee-escoladejardineria\/wp-content\/uploads\/usu2311\/2025\/12\/GRUP-2-2048x1281.jpeg 2048w\" sizes=\"auto, (max-width: 411px) 100vw, 411px\" \/><\/a><\/p>\n<p>Gr\u00e0cies a totes les persones que vau participar, caminar i sumar en aquesta causa tan necess\u00e0ria. Entre totes i tots fem possible un futur amb m\u00e9s recerca i m\u00e9s esperan\u00e7a \ud83d\udcaa\ud83d\udc97<\/p>\n","protected":false},"excerpt":{"rendered":"<p>El passat dissabte 29\/11\/25 vam tornar a demostrar que Lleida \u00e9s sin\u00f2nim de solidaritat amb la caminada solid\u00e0ria per recaptar fons per La Marat\u00f3 de 3CAT, enguany dedicada al c\u00e0ncer.<br \/>\nLa ruta, de 6km i amb sortida i arribada des de la nostra escola, va contar&hellip;  <a href=\"https:\/\/agora.xtec.cat\/cee-escoladejardineria\/general\/limo-camina-per-la-marato\/\" title=\"Read L\u2019IMO camina per La Marat\u00f3!\">Llegeix m\u00e9s\u00bb<\/a><\/p>\n","protected":false},"author":1,"featured_media":0,"comment_status":"open","ping_status":"open","sticky":false,"template":"","format":"standard","meta":{"_bbp_topic_count":0,"_bbp_reply_count":0,"_bbp_total_topic_count":0,"_bbp_total_reply_count":0,"_bbp_voice_count":0,"_bbp_anonymous_reply_count":0,"_bbp_topic_count_hidden":0,"_bbp_reply_count_hidden":0,"_bbp_forum_subforum_count":0,"footnotes":""},"categories":[1,29],"tags":[],"class_list":["post-738","post","type-post","status-publish","format-standard","hentry","category-general","category-portada"],"post_mailing_queue_ids":[],"_links":{"self":[{"href":"https:\/\/agora.xtec.cat\/cee-escoladejardineria\/wp-json\/wp\/v2\/posts\/738","targetHints":{"allow":["GET"]}}],"collection":[{"href":"https:\/\/agora.xtec.cat\/cee-escoladejardineria\/wp-json\/wp\/v2\/posts"}],"about":[{"href":"https:\/\/agora.xtec.cat\/cee-escoladejardineria\/wp-json\/wp\/v2\/types\/post"}],"author":[{"embeddable":true,"href":"https:\/\/agora.xtec.cat\/cee-escoladejardineria\/wp-json\/wp\/v2\/users\/1"}],"replies":[{"embeddable":true,"href":"https:\/\/agora.xtec.cat\/cee-escoladejardineria\/wp-json\/wp\/v2\/comments?post=738"}],"version-history":[{"count":1,"href":"https:\/\/agora.xtec.cat\/cee-escoladejardineria\/wp-json\/wp\/v2\/posts\/738\/revisions"}],"predecessor-version":[{"id":740,"href":"https:\/\/agora.xtec.cat\/cee-escoladejardineria\/wp-json\/wp\/v2\/posts\/738\/revisions\/740"}],"wp:attachment":[{"href":"https:\/\/agora.xtec.cat\/cee-escoladejardineria\/wp-json\/wp\/v2\/media?parent=738"}],"wp:term":[{"taxonomy":"category","embeddable":true,"href":"https:\/\/agora.xtec.cat\/cee-escoladejardineria\/wp-json\/wp\/v2\/categories?post=738"},{"taxonomy":"post_tag","embeddable":true,"href":"https:\/\/agora.xtec.cat\/cee-escoladejardineria\/wp-json\/wp\/v2\/tags?post=738"}],"curies":[{"name":"wp","href":"https:\/\/api.w.org\/{rel}","templated":true}]}}