{"id":718,"date":"2025-04-30T11:56:41","date_gmt":"2025-04-30T09:56:41","guid":{"rendered":"https:\/\/agora.xtec.cat\/cee-escoladejardineria\/?p=718"},"modified":"2025-04-30T11:56:41","modified_gmt":"2025-04-30T09:56:41","slug":"sant-jordi-2025","status":"publish","type":"post","link":"https:\/\/agora.xtec.cat\/cee-escoladejardineria\/portada\/sant-jordi-2025\/","title":{"rendered":"SANT JORDI 2025"},"content":{"rendered":"<p>L&#8217;escola de jardineria va muntar una paradeta amb detalls de Sant Jordi confeccionats pel propi alumnat del centre. Va resultar tot un \u00e8xit i gaireb\u00e9 es van esgotar les exist\u00e8ncies!<\/p>\n<p><a href=\"https:\/\/agora.xtec.cat\/cee-escoladejardineria\/wp-content\/uploads\/usu2311\/2025\/04\/parada-1-scaled.jpg\"><img loading=\"lazy\" decoding=\"async\" class=\"aligncenter size-medium wp-image-719\" src=\"https:\/\/agora.xtec.cat\/cee-escoladejardineria\/wp-content\/uploads\/usu2311\/2025\/04\/parada-1-300x226.jpg\" alt=\"\" width=\"300\" height=\"226\" srcset=\"https:\/\/agora.xtec.cat\/cee-escoladejardineria\/wp-content\/uploads\/usu2311\/2025\/04\/parada-1-300x226.jpg 300w, https:\/\/agora.xtec.cat\/cee-escoladejardineria\/wp-content\/uploads\/usu2311\/2025\/04\/parada-1-1024x771.jpg 1024w, https:\/\/agora.xtec.cat\/cee-escoladejardineria\/wp-content\/uploads\/usu2311\/2025\/04\/parada-1-768x578.jpg 768w, https:\/\/agora.xtec.cat\/cee-escoladejardineria\/wp-content\/uploads\/usu2311\/2025\/04\/parada-1-1536x1157.jpg 1536w, https:\/\/agora.xtec.cat\/cee-escoladejardineria\/wp-content\/uploads\/usu2311\/2025\/04\/parada-1-2048x1542.jpg 2048w, https:\/\/agora.xtec.cat\/cee-escoladejardineria\/wp-content\/uploads\/usu2311\/2025\/04\/parada-1-200x150.jpg 200w\" sizes=\"auto, (max-width: 300px) 100vw, 300px\" \/><\/a><\/p>\n<p>Tamb\u00e9 vam endolcir el dia a tots els treballadors i treballadores de l&#8217;IMO amb les nostres &#8220;rosa-xups&#8221;. Un detall tan bonic com dol\u00e7.<\/p>\n<p><a href=\"https:\/\/agora.xtec.cat\/cee-escoladejardineria\/wp-content\/uploads\/usu2311\/2025\/04\/rosaxups.jpg\"><img loading=\"lazy\" decoding=\"async\" class=\"aligncenter size-medium wp-image-720\" src=\"https:\/\/agora.xtec.cat\/cee-escoladejardineria\/wp-content\/uploads\/usu2311\/2025\/04\/rosaxups-300x225.jpg\" alt=\"\" width=\"300\" height=\"225\" srcset=\"https:\/\/agora.xtec.cat\/cee-escoladejardineria\/wp-content\/uploads\/usu2311\/2025\/04\/rosaxups-300x225.jpg 300w, https:\/\/agora.xtec.cat\/cee-escoladejardineria\/wp-content\/uploads\/usu2311\/2025\/04\/rosaxups-1024x768.jpg 1024w, https:\/\/agora.xtec.cat\/cee-escoladejardineria\/wp-content\/uploads\/usu2311\/2025\/04\/rosaxups-768x576.jpg 768w, https:\/\/agora.xtec.cat\/cee-escoladejardineria\/wp-content\/uploads\/usu2311\/2025\/04\/rosaxups-1536x1152.jpg 1536w, https:\/\/agora.xtec.cat\/cee-escoladejardineria\/wp-content\/uploads\/usu2311\/2025\/04\/rosaxups-200x150.jpg 200w, https:\/\/agora.xtec.cat\/cee-escoladejardineria\/wp-content\/uploads\/usu2311\/2025\/04\/rosaxups.jpg 1600w\" sizes=\"auto, (max-width: 300px) 100vw, 300px\" \/><\/a><\/p>\n<p>I despr\u00e9s de la bona feina feta durant el mat\u00ed l&#8217;alumnat va poder recuperar energies amb el &#8220;pa de sant Jordi&#8221; cuinat per ells mateixos. Estava bon\u00edssim i no en va quedar ni una engruna.<\/p>\n<p><a href=\"https:\/\/agora.xtec.cat\/cee-escoladejardineria\/wp-content\/uploads\/usu2311\/2025\/04\/Pa-ST-Jordi-scaled.jpg\"><img loading=\"lazy\" decoding=\"async\" class=\"aligncenter size-medium wp-image-721\" src=\"https:\/\/agora.xtec.cat\/cee-escoladejardineria\/wp-content\/uploads\/usu2311\/2025\/04\/Pa-ST-Jordi-300x169.jpg\" alt=\"\" width=\"300\" height=\"169\" srcset=\"https:\/\/agora.xtec.cat\/cee-escoladejardineria\/wp-content\/uploads\/usu2311\/2025\/04\/Pa-ST-Jordi-300x169.jpg 300w, https:\/\/agora.xtec.cat\/cee-escoladejardineria\/wp-content\/uploads\/usu2311\/2025\/04\/Pa-ST-Jordi-1024x576.jpg 1024w, https:\/\/agora.xtec.cat\/cee-escoladejardineria\/wp-content\/uploads\/usu2311\/2025\/04\/Pa-ST-Jordi-768x432.jpg 768w, https:\/\/agora.xtec.cat\/cee-escoladejardineria\/wp-content\/uploads\/usu2311\/2025\/04\/Pa-ST-Jordi-1536x864.jpg 1536w, https:\/\/agora.xtec.cat\/cee-escoladejardineria\/wp-content\/uploads\/usu2311\/2025\/04\/Pa-ST-Jordi-2048x1152.jpg 2048w\" sizes=\"auto, (max-width: 300px) 100vw, 300px\" \/><\/a><\/p>\n","protected":false},"excerpt":{"rendered":"<p>L&#8217;escola de jardineria va muntar una paradeta amb detalls de Sant Jordi confeccionats pel propi alumnat del centre. Va resultar tot un \u00e8xit i gaireb\u00e9 es van esgotar les exist\u00e8ncies!<br \/>\n<a href=\"https:\/\/agora.xtec.cat\/cee-escoladejardineria\/wp-content\/uploads\/usu2311\/2025\/04\/parada-1-scaled.jpg\"><\/a><br \/>\nTamb\u00e9 vam endolcir el dia a tots els treballadors i treballadores de l&#8217;IMO amb les&hellip;  <a href=\"https:\/\/agora.xtec.cat\/cee-escoladejardineria\/portada\/sant-jordi-2025\/\" title=\"Read SANT JORDI 2025\">Llegeix m\u00e9s\u00bb<\/a><\/p>\n","protected":false},"author":1,"featured_media":0,"comment_status":"open","ping_status":"closed","sticky":false,"template":"","format":"standard","meta":{"_bbp_topic_count":0,"_bbp_reply_count":0,"_bbp_total_topic_count":0,"_bbp_total_reply_count":0,"_bbp_voice_count":0,"_bbp_anonymous_reply_count":0,"_bbp_topic_count_hidden":0,"_bbp_reply_count_hidden":0,"_bbp_forum_subforum_count":0,"footnotes":""},"categories":[29],"tags":[],"class_list":["post-718","post","type-post","status-publish","format-standard","hentry","category-portada"],"post_mailing_queue_ids":[],"_links":{"self":[{"href":"https:\/\/agora.xtec.cat\/cee-escoladejardineria\/wp-json\/wp\/v2\/posts\/718","targetHints":{"allow":["GET"]}}],"collection":[{"href":"https:\/\/agora.xtec.cat\/cee-escoladejardineria\/wp-json\/wp\/v2\/posts"}],"about":[{"href":"https:\/\/agora.xtec.cat\/cee-escoladejardineria\/wp-json\/wp\/v2\/types\/post"}],"author":[{"embeddable":true,"href":"https:\/\/agora.xtec.cat\/cee-escoladejardineria\/wp-json\/wp\/v2\/users\/1"}],"replies":[{"embeddable":true,"href":"https:\/\/agora.xtec.cat\/cee-escoladejardineria\/wp-json\/wp\/v2\/comments?post=718"}],"version-history":[{"count":1,"href":"https:\/\/agora.xtec.cat\/cee-escoladejardineria\/wp-json\/wp\/v2\/posts\/718\/revisions"}],"predecessor-version":[{"id":722,"href":"https:\/\/agora.xtec.cat\/cee-escoladejardineria\/wp-json\/wp\/v2\/posts\/718\/revisions\/722"}],"wp:attachment":[{"href":"https:\/\/agora.xtec.cat\/cee-escoladejardineria\/wp-json\/wp\/v2\/media?parent=718"}],"wp:term":[{"taxonomy":"category","embeddable":true,"href":"https:\/\/agora.xtec.cat\/cee-escoladejardineria\/wp-json\/wp\/v2\/categories?post=718"},{"taxonomy":"post_tag","embeddable":true,"href":"https:\/\/agora.xtec.cat\/cee-escoladejardineria\/wp-json\/wp\/v2\/tags?post=718"}],"curies":[{"name":"wp","href":"https:\/\/api.w.org\/{rel}","templated":true}]}}