{"id":709,"date":"2025-04-30T11:21:14","date_gmt":"2025-04-30T09:21:14","guid":{"rendered":"https:\/\/agora.xtec.cat\/cee-escoladejardineria\/?p=709"},"modified":"2025-04-30T12:06:53","modified_gmt":"2025-04-30T10:06:53","slug":"lescola-de-jardineria-sadhereix-al-defc","status":"publish","type":"post","link":"https:\/\/agora.xtec.cat\/cee-escoladejardineria\/portada\/lescola-de-jardineria-sadhereix-al-defc\/","title":{"rendered":"L&#8217;escola de jardineria s&#8217;adhereix al DEFC"},"content":{"rendered":"<p>Un any m\u00e9s, l&#8217;escola de jardineria s&#8217;ha participat al Dia de l&#8217;Educaci\u00f3 F\u00edsica al Carrer (DEFC), una iniciativa que vol mostrar a la societat com \u00e9s l\u2019actual Educaci\u00f3 F\u00edsica a les escoles. Aplega estudiants, professors i voluntaris seguint el lema \u201c<em>Estil de vida actiu per a tots i per sempre<\/em>\u201c.<\/p>\n<p>Per una educaci\u00f3 f\u00edsica de qualitat!<\/p>\n<p><a href=\"https:\/\/agora.xtec.cat\/cee-escoladejardineria\/wp-content\/uploads\/usu2311\/2025\/04\/15e7a137-2aa7-405e-a4d7-abf8debc6830-scaled.jpg\"><img loading=\"lazy\" decoding=\"async\" class=\"aligncenter wp-image-710\" src=\"https:\/\/agora.xtec.cat\/cee-escoladejardineria\/wp-content\/uploads\/usu2311\/2025\/04\/15e7a137-2aa7-405e-a4d7-abf8debc6830-300x226.jpg\" alt=\"\" width=\"300\" height=\"226\" srcset=\"https:\/\/agora.xtec.cat\/cee-escoladejardineria\/wp-content\/uploads\/usu2311\/2025\/04\/15e7a137-2aa7-405e-a4d7-abf8debc6830-300x226.jpg 300w, https:\/\/agora.xtec.cat\/cee-escoladejardineria\/wp-content\/uploads\/usu2311\/2025\/04\/15e7a137-2aa7-405e-a4d7-abf8debc6830-1024x771.jpg 1024w, https:\/\/agora.xtec.cat\/cee-escoladejardineria\/wp-content\/uploads\/usu2311\/2025\/04\/15e7a137-2aa7-405e-a4d7-abf8debc6830-768x578.jpg 768w, https:\/\/agora.xtec.cat\/cee-escoladejardineria\/wp-content\/uploads\/usu2311\/2025\/04\/15e7a137-2aa7-405e-a4d7-abf8debc6830-1536x1157.jpg 1536w, https:\/\/agora.xtec.cat\/cee-escoladejardineria\/wp-content\/uploads\/usu2311\/2025\/04\/15e7a137-2aa7-405e-a4d7-abf8debc6830-2048x1542.jpg 2048w, https:\/\/agora.xtec.cat\/cee-escoladejardineria\/wp-content\/uploads\/usu2311\/2025\/04\/15e7a137-2aa7-405e-a4d7-abf8debc6830-200x150.jpg 200w\" sizes=\"auto, (max-width: 300px) 100vw, 300px\" \/><\/a><\/p>\n<p><a href=\"https:\/\/agora.xtec.cat\/cee-escoladejardineria\/wp-content\/uploads\/usu2311\/2025\/04\/514ea718-5182-4129-9864-dfc039d73d40-scaled.jpg\"><img loading=\"lazy\" decoding=\"async\" class=\"aligncenter wp-image-711 size-medium\" src=\"https:\/\/agora.xtec.cat\/cee-escoladejardineria\/wp-content\/uploads\/usu2311\/2025\/04\/514ea718-5182-4129-9864-dfc039d73d40-300x226.jpg\" alt=\"\" width=\"300\" height=\"226\" srcset=\"https:\/\/agora.xtec.cat\/cee-escoladejardineria\/wp-content\/uploads\/usu2311\/2025\/04\/514ea718-5182-4129-9864-dfc039d73d40-300x226.jpg 300w, https:\/\/agora.xtec.cat\/cee-escoladejardineria\/wp-content\/uploads\/usu2311\/2025\/04\/514ea718-5182-4129-9864-dfc039d73d40-1024x771.jpg 1024w, https:\/\/agora.xtec.cat\/cee-escoladejardineria\/wp-content\/uploads\/usu2311\/2025\/04\/514ea718-5182-4129-9864-dfc039d73d40-768x578.jpg 768w, https:\/\/agora.xtec.cat\/cee-escoladejardineria\/wp-content\/uploads\/usu2311\/2025\/04\/514ea718-5182-4129-9864-dfc039d73d40-1536x1157.jpg 1536w, https:\/\/agora.xtec.cat\/cee-escoladejardineria\/wp-content\/uploads\/usu2311\/2025\/04\/514ea718-5182-4129-9864-dfc039d73d40-2048x1542.jpg 2048w, https:\/\/agora.xtec.cat\/cee-escoladejardineria\/wp-content\/uploads\/usu2311\/2025\/04\/514ea718-5182-4129-9864-dfc039d73d40-200x150.jpg 200w\" sizes=\"auto, (max-width: 300px) 100vw, 300px\" \/><\/a><\/p>\n","protected":false},"excerpt":{"rendered":"<p>Un any m\u00e9s, l&#8217;escola de jardineria s&#8217;ha participat al Dia de l&#8217;Educaci\u00f3 F\u00edsica al Carrer (DEFC), una iniciativa que vol mostrar a la societat com \u00e9s l\u2019actual Educaci\u00f3 F\u00edsica a les escoles. Aplega estudiants, professors i voluntaris seguint el lema \u201cEstil de vida actiu per&hellip;  <a href=\"https:\/\/agora.xtec.cat\/cee-escoladejardineria\/portada\/lescola-de-jardineria-sadhereix-al-defc\/\" title=\"Read L&#8217;escola de jardineria s&#8217;adhereix al DEFC\">Llegeix m\u00e9s\u00bb<\/a><\/p>\n","protected":false},"author":1,"featured_media":0,"comment_status":"open","ping_status":"closed","sticky":false,"template":"","format":"standard","meta":{"_bbp_topic_count":0,"_bbp_reply_count":0,"_bbp_total_topic_count":0,"_bbp_total_reply_count":0,"_bbp_voice_count":0,"_bbp_anonymous_reply_count":0,"_bbp_topic_count_hidden":0,"_bbp_reply_count_hidden":0,"_bbp_forum_subforum_count":0,"footnotes":""},"categories":[29],"tags":[],"class_list":["post-709","post","type-post","status-publish","format-standard","hentry","category-portada"],"post_mailing_queue_ids":[],"_links":{"self":[{"href":"https:\/\/agora.xtec.cat\/cee-escoladejardineria\/wp-json\/wp\/v2\/posts\/709","targetHints":{"allow":["GET"]}}],"collection":[{"href":"https:\/\/agora.xtec.cat\/cee-escoladejardineria\/wp-json\/wp\/v2\/posts"}],"about":[{"href":"https:\/\/agora.xtec.cat\/cee-escoladejardineria\/wp-json\/wp\/v2\/types\/post"}],"author":[{"embeddable":true,"href":"https:\/\/agora.xtec.cat\/cee-escoladejardineria\/wp-json\/wp\/v2\/users\/1"}],"replies":[{"embeddable":true,"href":"https:\/\/agora.xtec.cat\/cee-escoladejardineria\/wp-json\/wp\/v2\/comments?post=709"}],"version-history":[{"count":4,"href":"https:\/\/agora.xtec.cat\/cee-escoladejardineria\/wp-json\/wp\/v2\/posts\/709\/revisions"}],"predecessor-version":[{"id":726,"href":"https:\/\/agora.xtec.cat\/cee-escoladejardineria\/wp-json\/wp\/v2\/posts\/709\/revisions\/726"}],"wp:attachment":[{"href":"https:\/\/agora.xtec.cat\/cee-escoladejardineria\/wp-json\/wp\/v2\/media?parent=709"}],"wp:term":[{"taxonomy":"category","embeddable":true,"href":"https:\/\/agora.xtec.cat\/cee-escoladejardineria\/wp-json\/wp\/v2\/categories?post=709"},{"taxonomy":"post_tag","embeddable":true,"href":"https:\/\/agora.xtec.cat\/cee-escoladejardineria\/wp-json\/wp\/v2\/tags?post=709"}],"curies":[{"name":"wp","href":"https:\/\/api.w.org\/{rel}","templated":true}]}}