{"id":667,"date":"2023-06-30T13:41:17","date_gmt":"2023-06-30T11:41:17","guid":{"rendered":"https:\/\/agora.xtec.cat\/cee-escoladejardineria\/?p=667"},"modified":"2023-06-30T13:41:17","modified_gmt":"2023-06-30T11:41:17","slug":"lhivernacle-una-aula-mes","status":"publish","type":"post","link":"https:\/\/agora.xtec.cat\/cee-escoladejardineria\/portada\/lhivernacle-una-aula-mes\/","title":{"rendered":"L&#8217;HIVERNACLE UNA AULA M\u00c9S"},"content":{"rendered":"<div>\n<div>\n<p>Aquesta instal\u00b7laci\u00f3 ens proporciona un microclima artificial c\u00e0lid i humit que ens permet allargar el per\u00edode de producci\u00f3 de les plantes mitjan\u00e7ant la sembra o a partir de les t\u00e8cniques d\u2019esqueixat, divisi\u00f3 de mata o separaci\u00f3 de fillols, ja que protegeix les pl\u00e0ntules de les gelades i els vents freds.<\/p>\n<\/div>\n<p>En l\u2019\u00e0rea de &#8220;jardineria i viver&#8221; l\u2019hivernacle t\u00e9 un lloc destacat en la llista d\u2019espais que l\u2019escola disposa per desenvolupar l\u2019acci\u00f3 formativa pr\u00e0ctica, en especial per treballar tots els continguts relacionats amb el viver.<\/p>\n<p>\u00c9s ben sabut que l&#8217;hivern a la nostra ciutat \u00e9s una estaci\u00f3 for\u00e7a dura per moltes de les plantes ornamentals, per\u00f2 aquest tipus d&#8217;instal\u00b7laci\u00f3 ens ofereix l&#8217;oportunitat de resguardar-les, i fins i tot, cultivar plantes ex\u00f2tiques amants de la calor per les quals el clima de Lleida no \u00e9s l\u2019adequat. Per\u00f2 tamb\u00e9 ho \u00e9s pels futurs jardiners i jardineres de l\u2019escola, i per aix\u00f2, quan comen\u00e7a el fred, tots ells volen fer pr\u00e0ctiques a l\u2019hivernacle! La ra\u00f3 \u00e9s ben senzilla, la temperatura al seu interior \u00e9s molt m\u00e9s ben\u00e8vola.<\/p>\n<p>Aquesta instal\u00b7laci\u00f3 ens proporciona un microclima artificial c\u00e0lid i humit que ens permet allargar el per\u00edode de producci\u00f3 de les plantes mitjan\u00e7ant la sembra o a partir de les t\u00e8cniques d\u2019esqueixat, divisi\u00f3 de mata o separaci\u00f3 de fillols, ja que protegeix les pl\u00e0ntules de les gelades i els vents freds.<\/p>\n<\/div>\n","protected":false},"excerpt":{"rendered":"<p>Aquesta instal\u00b7laci\u00f3 ens proporciona un microclima artificial c\u00e0lid i humit que ens permet allargar el per\u00edode de producci\u00f3 de les plantes mitjan\u00e7ant la sembra o a partir de les t\u00e8cniques d\u2019esqueixat, divisi\u00f3 de mata o separaci\u00f3 de fillols, ja que protegeix les pl\u00e0ntules de les&hellip;  <a href=\"https:\/\/agora.xtec.cat\/cee-escoladejardineria\/portada\/lhivernacle-una-aula-mes\/\" title=\"Read L&#8217;HIVERNACLE UNA AULA M\u00c9S\">Llegeix m\u00e9s\u00bb<\/a><\/p>\n","protected":false},"author":1,"featured_media":0,"comment_status":"open","ping_status":"closed","sticky":false,"template":"","format":"standard","meta":{"_bbp_topic_count":0,"_bbp_reply_count":0,"_bbp_total_topic_count":0,"_bbp_total_reply_count":0,"_bbp_voice_count":0,"_bbp_anonymous_reply_count":0,"_bbp_topic_count_hidden":0,"_bbp_reply_count_hidden":0,"_bbp_forum_subforum_count":0,"footnotes":""},"categories":[29],"tags":[],"class_list":["post-667","post","type-post","status-publish","format-standard","hentry","category-portada"],"post_mailing_queue_ids":[],"_links":{"self":[{"href":"https:\/\/agora.xtec.cat\/cee-escoladejardineria\/wp-json\/wp\/v2\/posts\/667","targetHints":{"allow":["GET"]}}],"collection":[{"href":"https:\/\/agora.xtec.cat\/cee-escoladejardineria\/wp-json\/wp\/v2\/posts"}],"about":[{"href":"https:\/\/agora.xtec.cat\/cee-escoladejardineria\/wp-json\/wp\/v2\/types\/post"}],"author":[{"embeddable":true,"href":"https:\/\/agora.xtec.cat\/cee-escoladejardineria\/wp-json\/wp\/v2\/users\/1"}],"replies":[{"embeddable":true,"href":"https:\/\/agora.xtec.cat\/cee-escoladejardineria\/wp-json\/wp\/v2\/comments?post=667"}],"version-history":[{"count":1,"href":"https:\/\/agora.xtec.cat\/cee-escoladejardineria\/wp-json\/wp\/v2\/posts\/667\/revisions"}],"predecessor-version":[{"id":668,"href":"https:\/\/agora.xtec.cat\/cee-escoladejardineria\/wp-json\/wp\/v2\/posts\/667\/revisions\/668"}],"wp:attachment":[{"href":"https:\/\/agora.xtec.cat\/cee-escoladejardineria\/wp-json\/wp\/v2\/media?parent=667"}],"wp:term":[{"taxonomy":"category","embeddable":true,"href":"https:\/\/agora.xtec.cat\/cee-escoladejardineria\/wp-json\/wp\/v2\/categories?post=667"},{"taxonomy":"post_tag","embeddable":true,"href":"https:\/\/agora.xtec.cat\/cee-escoladejardineria\/wp-json\/wp\/v2\/tags?post=667"}],"curies":[{"name":"wp","href":"https:\/\/api.w.org\/{rel}","templated":true}]}}