{"id":665,"date":"2023-06-30T13:39:32","date_gmt":"2023-06-30T11:39:32","guid":{"rendered":"https:\/\/agora.xtec.cat\/cee-escoladejardineria\/?p=665"},"modified":"2023-06-30T13:39:32","modified_gmt":"2023-06-30T11:39:32","slug":"projecte-el-mercadet","status":"publish","type":"post","link":"https:\/\/agora.xtec.cat\/cee-escoladejardineria\/portada\/projecte-el-mercadet\/","title":{"rendered":"PROJECTE &#8220;EL MERCADET&#8221;"},"content":{"rendered":"<p>Des del curs passat, cada dijous fem paradeta de plantes a la porta de l&#8217;escola amb l&#8217;excedent de planta que produ\u00efm a l&#8217;hivernacle. Aquest curs, a m\u00e9s a m\u00e9s, s&#8217;hi podien trobar manualitats per regalar en les dates assenyalades. El Mercadet ha esdevingut un projecte molt complet ja que ha perm\u00e8s aprofundir en molts aprenentatges des de totes les \u00e0rees curriculars. Partint de la situaci\u00f3 real de fer una paradeta de plantes hi ha hagut l&#8217;oportunitat de portar a la pr\u00e0ctica aspectes com: la imatge, l&#8217;atenci\u00f3 al client, l&#8217;inventari, la comunicaci\u00f3, el canvi, les estrat\u00e8gies de venda, l&#8217;ergonomia, el coneixement de plantes ornamentals, etc.<\/p>\n<p>Amb motiu de Del Dia de la Mare la paradeta es va traslladar a la pla\u00e7a Rosa Sensat. Per l&#8217;ocasi\u00f3, es va fer una produci\u00f3 especial de guarniments per les plantes i de centres per regalar. \u00c8xit total de vendes!!<\/p>\n","protected":false},"excerpt":{"rendered":"<p>Des del curs passat, cada dijous fem paradeta de plantes a la porta de l&#8217;escola amb l&#8217;excedent de planta que produ\u00efm a l&#8217;hivernacle. Aquest curs, a m\u00e9s a m\u00e9s, s&#8217;hi podien trobar manualitats per regalar en les dates assenyalades. El Mercadet ha esdevingut un projecte&hellip;  <a href=\"https:\/\/agora.xtec.cat\/cee-escoladejardineria\/portada\/projecte-el-mercadet\/\" title=\"Read PROJECTE &#8220;EL MERCADET&#8221;\">Llegeix m\u00e9s\u00bb<\/a><\/p>\n","protected":false},"author":1,"featured_media":0,"comment_status":"open","ping_status":"closed","sticky":false,"template":"","format":"standard","meta":{"_bbp_topic_count":0,"_bbp_reply_count":0,"_bbp_total_topic_count":0,"_bbp_total_reply_count":0,"_bbp_voice_count":0,"_bbp_anonymous_reply_count":0,"_bbp_topic_count_hidden":0,"_bbp_reply_count_hidden":0,"_bbp_forum_subforum_count":0,"footnotes":""},"categories":[29],"tags":[],"class_list":["post-665","post","type-post","status-publish","format-standard","hentry","category-portada"],"post_mailing_queue_ids":[],"_links":{"self":[{"href":"https:\/\/agora.xtec.cat\/cee-escoladejardineria\/wp-json\/wp\/v2\/posts\/665","targetHints":{"allow":["GET"]}}],"collection":[{"href":"https:\/\/agora.xtec.cat\/cee-escoladejardineria\/wp-json\/wp\/v2\/posts"}],"about":[{"href":"https:\/\/agora.xtec.cat\/cee-escoladejardineria\/wp-json\/wp\/v2\/types\/post"}],"author":[{"embeddable":true,"href":"https:\/\/agora.xtec.cat\/cee-escoladejardineria\/wp-json\/wp\/v2\/users\/1"}],"replies":[{"embeddable":true,"href":"https:\/\/agora.xtec.cat\/cee-escoladejardineria\/wp-json\/wp\/v2\/comments?post=665"}],"version-history":[{"count":1,"href":"https:\/\/agora.xtec.cat\/cee-escoladejardineria\/wp-json\/wp\/v2\/posts\/665\/revisions"}],"predecessor-version":[{"id":666,"href":"https:\/\/agora.xtec.cat\/cee-escoladejardineria\/wp-json\/wp\/v2\/posts\/665\/revisions\/666"}],"wp:attachment":[{"href":"https:\/\/agora.xtec.cat\/cee-escoladejardineria\/wp-json\/wp\/v2\/media?parent=665"}],"wp:term":[{"taxonomy":"category","embeddable":true,"href":"https:\/\/agora.xtec.cat\/cee-escoladejardineria\/wp-json\/wp\/v2\/categories?post=665"},{"taxonomy":"post_tag","embeddable":true,"href":"https:\/\/agora.xtec.cat\/cee-escoladejardineria\/wp-json\/wp\/v2\/tags?post=665"}],"curies":[{"name":"wp","href":"https:\/\/api.w.org\/{rel}","templated":true}]}}