{"id":663,"date":"2023-06-30T13:30:08","date_gmt":"2023-06-30T11:30:08","guid":{"rendered":"https:\/\/agora.xtec.cat\/cee-escoladejardineria\/?p=663"},"modified":"2023-06-30T13:30:08","modified_gmt":"2023-06-30T11:30:08","slug":"practiques-de-jardineria","status":"publish","type":"post","link":"https:\/\/agora.xtec.cat\/cee-escoladejardineria\/portada\/practiques-de-jardineria\/","title":{"rendered":"PR\u00c0CTIQUES DE JARDINERIA"},"content":{"rendered":"<p><span class=\"WdYUQQ text-decoration-none text-strikethrough-none\">En l&#8217;\u00e0rea de pr\u00e0ctiques aquest curs s&#8217;han reposat les fustes malmeses per l&#8217;aigua i el pas del temps del jard\u00ed de les plantes arom\u00e0tiques.<\/span> <span class=\"WdYUQQ text-decoration-none text-strikethrough-none\">L&#8217;alumnat tamb\u00e9 ha realitzat la renovaci\u00f3 d&#8217;algunes canonades de reg per tal de tenir un sistema m\u00e9s eficient i sostenible. Tamb\u00e9 s&#8217;han reposat amb nova planta alguns parterres. Sens dubte, aquest \u00e9s un dels jardins m\u00e9s bonics de la nostra escola.<\/span><\/p>\n<p>D&#8217;altra banda d<span class=\"WdYUQQ text-decoration-none text-strikethrough-none\">urant el mes de maig s&#8217;ha dut a terme l&#8217;adequaci\u00f3 de l&#8217;espai de viver. D&#8217;aquesta manera disposarem d&#8217;una zona d&#8217;umbr\u00e0cle on es podran aclimatar les plantes que es treuran de l&#8217;hivernacle.<\/span><\/p>\n<p><span class=\"WdYUQQ text-decoration-none text-strikethrough-none\">Una de les principals actuacions que es duen a terme enguany al parc de &#8220;Les Basses&#8221; \u00e9s la revegetaci\u00f3 de tres zones que es troben cobertes per unes antigues lloses de formig\u00f3. La tasca que m\u00e9s temps requereix aquesta vegada \u00e9s la preparaci\u00f3 del terreny, ja que els alumnes arrenquen les pesades lloses a m\u00e0 i tallen, a cop d\u2019aixada, les arrels secund\u00e0ries dels arbres adults ve\u00efns que havien crescut sota de les esmentades llambordes. Aconseguit aix\u00f2, nom\u00e9s els queda passar la motoaixada per esmicolar el terreny i oxigenar-lo, retirar les restes de mat\u00e8ria vegetal que hi puguin quedar, aportar nou substrat, anivellar-lo i procedir a la sembra de les llavors seguint els passos que han apr\u00e8s a l\u2019escola.<\/span><\/p>\n","protected":false},"excerpt":{"rendered":"<p>En l&#8217;\u00e0rea de pr\u00e0ctiques aquest curs s&#8217;han reposat les fustes malmeses per l&#8217;aigua i el pas del temps del jard\u00ed de les plantes arom\u00e0tiques. L&#8217;alumnat tamb\u00e9 ha realitzat la renovaci\u00f3 d&#8217;algunes canonades de reg per tal de tenir un sistema m\u00e9s eficient i sostenible. Tamb\u00e9&hellip;  <a href=\"https:\/\/agora.xtec.cat\/cee-escoladejardineria\/portada\/practiques-de-jardineria\/\" title=\"Read PR\u00c0CTIQUES DE JARDINERIA\">Llegeix m\u00e9s\u00bb<\/a><\/p>\n","protected":false},"author":1,"featured_media":0,"comment_status":"open","ping_status":"closed","sticky":false,"template":"","format":"standard","meta":{"_bbp_topic_count":0,"_bbp_reply_count":0,"_bbp_total_topic_count":0,"_bbp_total_reply_count":0,"_bbp_voice_count":0,"_bbp_anonymous_reply_count":0,"_bbp_topic_count_hidden":0,"_bbp_reply_count_hidden":0,"_bbp_forum_subforum_count":0,"footnotes":""},"categories":[29],"tags":[],"class_list":["post-663","post","type-post","status-publish","format-standard","hentry","category-portada"],"post_mailing_queue_ids":[],"_links":{"self":[{"href":"https:\/\/agora.xtec.cat\/cee-escoladejardineria\/wp-json\/wp\/v2\/posts\/663","targetHints":{"allow":["GET"]}}],"collection":[{"href":"https:\/\/agora.xtec.cat\/cee-escoladejardineria\/wp-json\/wp\/v2\/posts"}],"about":[{"href":"https:\/\/agora.xtec.cat\/cee-escoladejardineria\/wp-json\/wp\/v2\/types\/post"}],"author":[{"embeddable":true,"href":"https:\/\/agora.xtec.cat\/cee-escoladejardineria\/wp-json\/wp\/v2\/users\/1"}],"replies":[{"embeddable":true,"href":"https:\/\/agora.xtec.cat\/cee-escoladejardineria\/wp-json\/wp\/v2\/comments?post=663"}],"version-history":[{"count":1,"href":"https:\/\/agora.xtec.cat\/cee-escoladejardineria\/wp-json\/wp\/v2\/posts\/663\/revisions"}],"predecessor-version":[{"id":664,"href":"https:\/\/agora.xtec.cat\/cee-escoladejardineria\/wp-json\/wp\/v2\/posts\/663\/revisions\/664"}],"wp:attachment":[{"href":"https:\/\/agora.xtec.cat\/cee-escoladejardineria\/wp-json\/wp\/v2\/media?parent=663"}],"wp:term":[{"taxonomy":"category","embeddable":true,"href":"https:\/\/agora.xtec.cat\/cee-escoladejardineria\/wp-json\/wp\/v2\/categories?post=663"},{"taxonomy":"post_tag","embeddable":true,"href":"https:\/\/agora.xtec.cat\/cee-escoladejardineria\/wp-json\/wp\/v2\/tags?post=663"}],"curies":[{"name":"wp","href":"https:\/\/api.w.org\/{rel}","templated":true}]}}