{"id":657,"date":"2023-06-30T10:31:01","date_gmt":"2023-06-30T08:31:01","guid":{"rendered":"https:\/\/agora.xtec.cat\/cee-escoladejardineria\/?p=657"},"modified":"2023-06-30T10:31:01","modified_gmt":"2023-06-30T08:31:01","slug":"dia-de-leducacio-fisica-al-carrer","status":"publish","type":"post","link":"https:\/\/agora.xtec.cat\/cee-escoladejardineria\/portada\/dia-de-leducacio-fisica-al-carrer\/","title":{"rendered":"DIA DE L&#8217;EDUCACI\u00d3 F\u00cdSICA AL CARRER"},"content":{"rendered":"<div>\n<p>El passat dia 26 d&#8217;abril vam sortir al carrer a fer la classe d&#8217;educaci\u00f3 f\u00edsica. Aquesta iniciativa vol mostrar la import\u00e0ncia de l&#8217;educaci\u00f3 f\u00edsica per a la vida, ja que ens aporta beneficis f\u00edsics, ps\u00edquics i socials. A trav\u00e9s de l&#8217;esport es desenvolupen i consoliden actituds i valors necessaris per viure i conviure en societat.<\/p>\n<p>La renovada pista poliesportiva del carrer de la Merc\u00e8 a la Mariola va ser el lloc escollit per llegir el manifest i realitzar la sessi\u00f3 esportiva.<\/p>\n<\/div>\n","protected":false},"excerpt":{"rendered":"<p>El passat dia 26 d&#8217;abril vam sortir al carrer a fer la classe d&#8217;educaci\u00f3 f\u00edsica. Aquesta iniciativa vol mostrar la import\u00e0ncia de l&#8217;educaci\u00f3 f\u00edsica per a la vida, ja que ens aporta beneficis f\u00edsics, ps\u00edquics i socials. A trav\u00e9s de l&#8217;esport es desenvolupen i consoliden&hellip;  <a href=\"https:\/\/agora.xtec.cat\/cee-escoladejardineria\/portada\/dia-de-leducacio-fisica-al-carrer\/\" title=\"Read DIA DE L&#8217;EDUCACI\u00d3 F\u00cdSICA AL CARRER\">Llegeix m\u00e9s\u00bb<\/a><\/p>\n","protected":false},"author":1,"featured_media":0,"comment_status":"open","ping_status":"closed","sticky":false,"template":"","format":"standard","meta":{"_bbp_topic_count":0,"_bbp_reply_count":0,"_bbp_total_topic_count":0,"_bbp_total_reply_count":0,"_bbp_voice_count":0,"_bbp_anonymous_reply_count":0,"_bbp_topic_count_hidden":0,"_bbp_reply_count_hidden":0,"_bbp_forum_subforum_count":0,"footnotes":""},"categories":[29],"tags":[],"class_list":["post-657","post","type-post","status-publish","format-standard","hentry","category-portada"],"post_mailing_queue_ids":[],"_links":{"self":[{"href":"https:\/\/agora.xtec.cat\/cee-escoladejardineria\/wp-json\/wp\/v2\/posts\/657","targetHints":{"allow":["GET"]}}],"collection":[{"href":"https:\/\/agora.xtec.cat\/cee-escoladejardineria\/wp-json\/wp\/v2\/posts"}],"about":[{"href":"https:\/\/agora.xtec.cat\/cee-escoladejardineria\/wp-json\/wp\/v2\/types\/post"}],"author":[{"embeddable":true,"href":"https:\/\/agora.xtec.cat\/cee-escoladejardineria\/wp-json\/wp\/v2\/users\/1"}],"replies":[{"embeddable":true,"href":"https:\/\/agora.xtec.cat\/cee-escoladejardineria\/wp-json\/wp\/v2\/comments?post=657"}],"version-history":[{"count":1,"href":"https:\/\/agora.xtec.cat\/cee-escoladejardineria\/wp-json\/wp\/v2\/posts\/657\/revisions"}],"predecessor-version":[{"id":658,"href":"https:\/\/agora.xtec.cat\/cee-escoladejardineria\/wp-json\/wp\/v2\/posts\/657\/revisions\/658"}],"wp:attachment":[{"href":"https:\/\/agora.xtec.cat\/cee-escoladejardineria\/wp-json\/wp\/v2\/media?parent=657"}],"wp:term":[{"taxonomy":"category","embeddable":true,"href":"https:\/\/agora.xtec.cat\/cee-escoladejardineria\/wp-json\/wp\/v2\/categories?post=657"},{"taxonomy":"post_tag","embeddable":true,"href":"https:\/\/agora.xtec.cat\/cee-escoladejardineria\/wp-json\/wp\/v2\/tags?post=657"}],"curies":[{"name":"wp","href":"https:\/\/api.w.org\/{rel}","templated":true}]}}