{"id":651,"date":"2023-06-30T10:17:31","date_gmt":"2023-06-30T08:17:31","guid":{"rendered":"https:\/\/agora.xtec.cat\/cee-escoladejardineria\/?p=651"},"modified":"2023-06-30T10:17:31","modified_gmt":"2023-06-30T08:17:31","slug":"anem-a-lanimac-creativitat-i-entreteniment","status":"publish","type":"post","link":"https:\/\/agora.xtec.cat\/cee-escoladejardineria\/portada\/anem-a-lanimac-creativitat-i-entreteniment\/","title":{"rendered":"ANEM A L&#8217;ANIMAC. CREATIVITAT I ENTRETENIMENT."},"content":{"rendered":"<p><span class=\"WdYUQQ text-decoration-none text-strikethrough-none\">Aquest febrer no pod\u00edem faltar tampoc a l&#8217;Animac (Mostra Internacional de Cinema d&#8217;Animaci\u00f3 de Cataluya) que \u00e9s el punt de trobada entre el talent emergent i la ind\u00fastria del sector. Aquesta edici\u00f3 estava dedicada a la creativitat llatinoamericana. Vam veure 8 curts de tem\u00e0tica i t\u00e8cniques variades amb els que vam passar una bona estona.<\/span><\/p>\n","protected":false},"excerpt":{"rendered":"<p>Aquest febrer no pod\u00edem faltar tampoc a l&#8217;Animac (Mostra Internacional de Cinema d&#8217;Animaci\u00f3 de Cataluya) que \u00e9s el punt de trobada entre el talent emergent i la ind\u00fastria del sector. Aquesta edici\u00f3 estava dedicada a la creativitat llatinoamericana. Vam veure 8 curts de tem\u00e0tica i&hellip;  <a href=\"https:\/\/agora.xtec.cat\/cee-escoladejardineria\/portada\/anem-a-lanimac-creativitat-i-entreteniment\/\" title=\"Read ANEM A L&#8217;ANIMAC. CREATIVITAT I ENTRETENIMENT.\">Llegeix m\u00e9s\u00bb<\/a><\/p>\n","protected":false},"author":1,"featured_media":0,"comment_status":"open","ping_status":"closed","sticky":false,"template":"","format":"standard","meta":{"_bbp_topic_count":0,"_bbp_reply_count":0,"_bbp_total_topic_count":0,"_bbp_total_reply_count":0,"_bbp_voice_count":0,"_bbp_anonymous_reply_count":0,"_bbp_topic_count_hidden":0,"_bbp_reply_count_hidden":0,"_bbp_forum_subforum_count":0,"footnotes":""},"categories":[29],"tags":[],"class_list":["post-651","post","type-post","status-publish","format-standard","hentry","category-portada"],"post_mailing_queue_ids":[],"_links":{"self":[{"href":"https:\/\/agora.xtec.cat\/cee-escoladejardineria\/wp-json\/wp\/v2\/posts\/651","targetHints":{"allow":["GET"]}}],"collection":[{"href":"https:\/\/agora.xtec.cat\/cee-escoladejardineria\/wp-json\/wp\/v2\/posts"}],"about":[{"href":"https:\/\/agora.xtec.cat\/cee-escoladejardineria\/wp-json\/wp\/v2\/types\/post"}],"author":[{"embeddable":true,"href":"https:\/\/agora.xtec.cat\/cee-escoladejardineria\/wp-json\/wp\/v2\/users\/1"}],"replies":[{"embeddable":true,"href":"https:\/\/agora.xtec.cat\/cee-escoladejardineria\/wp-json\/wp\/v2\/comments?post=651"}],"version-history":[{"count":1,"href":"https:\/\/agora.xtec.cat\/cee-escoladejardineria\/wp-json\/wp\/v2\/posts\/651\/revisions"}],"predecessor-version":[{"id":652,"href":"https:\/\/agora.xtec.cat\/cee-escoladejardineria\/wp-json\/wp\/v2\/posts\/651\/revisions\/652"}],"wp:attachment":[{"href":"https:\/\/agora.xtec.cat\/cee-escoladejardineria\/wp-json\/wp\/v2\/media?parent=651"}],"wp:term":[{"taxonomy":"category","embeddable":true,"href":"https:\/\/agora.xtec.cat\/cee-escoladejardineria\/wp-json\/wp\/v2\/categories?post=651"},{"taxonomy":"post_tag","embeddable":true,"href":"https:\/\/agora.xtec.cat\/cee-escoladejardineria\/wp-json\/wp\/v2\/tags?post=651"}],"curies":[{"name":"wp","href":"https:\/\/api.w.org\/{rel}","templated":true}]}}