{"id":645,"date":"2023-06-30T10:14:05","date_gmt":"2023-06-30T08:14:05","guid":{"rendered":"https:\/\/agora.xtec.cat\/cee-escoladejardineria\/?p=645"},"modified":"2023-06-30T10:14:05","modified_gmt":"2023-06-30T08:14:05","slug":"trobades-amb-la-udl","status":"publish","type":"post","link":"https:\/\/agora.xtec.cat\/cee-escoladejardineria\/portada\/trobades-amb-la-udl\/","title":{"rendered":"TROBADES AMB LA UDL"},"content":{"rendered":"<p><span class=\"WdYUQQ text-decoration-none text-strikethrough-none\">Un any m\u00e9s l&#8217;alumnat d&#8217;educaci\u00f3 social de la Universitat de Lleida va venir a l&#8217;octubre a con\u00e8ixer la nostra escola. Durant la visita els joves van realitzar din\u00e0miques plegats i van establir el primer contacte. Una setmana m\u00e9s tard, vam visitar la seva facultat i en aquesta ocasi\u00f3 van ser els universitaris els quI ens van proposar activitats. Ens ho vam passar genial.<\/span><\/p>\n<p><span class=\"WdYUQQ text-decoration-none text-strikethrough-none\">Les trobades propicien moments de descobriment, complicitat, inclusi\u00f3 i diversi\u00f3 entre els joves. Tamb\u00e9 posen en contacte a joves amb realitats diverses i, a la vegada, tenen l&#8217;oportunitat de con\u00e8ixer altres recursos educatius de la ciutat.<\/span><\/p>\n","protected":false},"excerpt":{"rendered":"<p>Un any m\u00e9s l&#8217;alumnat d&#8217;educaci\u00f3 social de la Universitat de Lleida va venir a l&#8217;octubre a con\u00e8ixer la nostra escola. Durant la visita els joves van realitzar din\u00e0miques plegats i van establir el primer contacte. Una setmana m\u00e9s tard, vam visitar la seva facultat i&hellip;  <a href=\"https:\/\/agora.xtec.cat\/cee-escoladejardineria\/portada\/trobades-amb-la-udl\/\" title=\"Read TROBADES AMB LA UDL\">Llegeix m\u00e9s\u00bb<\/a><\/p>\n","protected":false},"author":1,"featured_media":0,"comment_status":"open","ping_status":"closed","sticky":false,"template":"","format":"standard","meta":{"_bbp_topic_count":0,"_bbp_reply_count":0,"_bbp_total_topic_count":0,"_bbp_total_reply_count":0,"_bbp_voice_count":0,"_bbp_anonymous_reply_count":0,"_bbp_topic_count_hidden":0,"_bbp_reply_count_hidden":0,"_bbp_forum_subforum_count":0,"footnotes":""},"categories":[29],"tags":[],"class_list":["post-645","post","type-post","status-publish","format-standard","hentry","category-portada"],"post_mailing_queue_ids":[],"_links":{"self":[{"href":"https:\/\/agora.xtec.cat\/cee-escoladejardineria\/wp-json\/wp\/v2\/posts\/645","targetHints":{"allow":["GET"]}}],"collection":[{"href":"https:\/\/agora.xtec.cat\/cee-escoladejardineria\/wp-json\/wp\/v2\/posts"}],"about":[{"href":"https:\/\/agora.xtec.cat\/cee-escoladejardineria\/wp-json\/wp\/v2\/types\/post"}],"author":[{"embeddable":true,"href":"https:\/\/agora.xtec.cat\/cee-escoladejardineria\/wp-json\/wp\/v2\/users\/1"}],"replies":[{"embeddable":true,"href":"https:\/\/agora.xtec.cat\/cee-escoladejardineria\/wp-json\/wp\/v2\/comments?post=645"}],"version-history":[{"count":1,"href":"https:\/\/agora.xtec.cat\/cee-escoladejardineria\/wp-json\/wp\/v2\/posts\/645\/revisions"}],"predecessor-version":[{"id":646,"href":"https:\/\/agora.xtec.cat\/cee-escoladejardineria\/wp-json\/wp\/v2\/posts\/645\/revisions\/646"}],"wp:attachment":[{"href":"https:\/\/agora.xtec.cat\/cee-escoladejardineria\/wp-json\/wp\/v2\/media?parent=645"}],"wp:term":[{"taxonomy":"category","embeddable":true,"href":"https:\/\/agora.xtec.cat\/cee-escoladejardineria\/wp-json\/wp\/v2\/categories?post=645"},{"taxonomy":"post_tag","embeddable":true,"href":"https:\/\/agora.xtec.cat\/cee-escoladejardineria\/wp-json\/wp\/v2\/tags?post=645"}],"curies":[{"name":"wp","href":"https:\/\/api.w.org\/{rel}","templated":true}]}}