{"id":631,"date":"2023-06-30T09:59:01","date_gmt":"2023-06-30T07:59:01","guid":{"rendered":"https:\/\/agora.xtec.cat\/cee-escoladejardineria\/?p=631"},"modified":"2023-06-30T10:00:59","modified_gmt":"2023-06-30T08:00:59","slug":"celebrem-el-nadal-a-lescola","status":"publish","type":"post","link":"https:\/\/agora.xtec.cat\/cee-escoladejardineria\/general\/celebrem-el-nadal-a-lescola\/","title":{"rendered":"CELEBREM EL NADAL A L&#8217;ESCOLA"},"content":{"rendered":"<p><span class=\"WdYUQQ text-decoration-none text-strikethrough-none\">\u00c9s una tradici\u00f3 cuinar alguna recepta nadalenca que despr\u00e9s ens poguem menjar plegats amb els torrons i un refresc. Aquest any vam fer uns arbres amb pasta de full farcits amb crema de cacau. Estaven per llepar-se els dits!<\/span><\/p>\n<p><span class=\"WdYUQQ text-decoration-none text-strikethrough-none\">La festa de Nadal tanca el primer trimestre del curs. En aquesta ocasi\u00f3, el senyor David Mel\u00e9, president de l&#8217;IMO, va venir a fer entrega dels regals de Nadal.<\/span><\/p>\n<p><span class=\"WdYUQQ text-decoration-none text-strikethrough-none\">Al mes de desembre el calendari de l&#8217;amistat cada dia ens proposava una din\u00e0mica grupal.<\/span><\/p>\n","protected":false},"excerpt":{"rendered":"<p>\u00c9s una tradici\u00f3 cuinar alguna recepta nadalenca que despr\u00e9s ens poguem menjar plegats amb els torrons i un refresc. Aquest any vam fer uns arbres amb pasta de full farcits amb crema de cacau. Estaven per llepar-se els dits!<br \/>\nLa festa de Nadal tanca el primer&hellip;  <a href=\"https:\/\/agora.xtec.cat\/cee-escoladejardineria\/general\/celebrem-el-nadal-a-lescola\/\" title=\"Read CELEBREM EL NADAL A L&#8217;ESCOLA\">Llegeix m\u00e9s\u00bb<\/a><\/p>\n","protected":false},"author":1,"featured_media":0,"comment_status":"open","ping_status":"closed","sticky":false,"template":"","format":"standard","meta":{"_bbp_topic_count":0,"_bbp_reply_count":0,"_bbp_total_topic_count":0,"_bbp_total_reply_count":0,"_bbp_voice_count":0,"_bbp_anonymous_reply_count":0,"_bbp_topic_count_hidden":0,"_bbp_reply_count_hidden":0,"_bbp_forum_subforum_count":0,"footnotes":""},"categories":[1,29],"tags":[],"class_list":["post-631","post","type-post","status-publish","format-standard","hentry","category-general","category-portada"],"post_mailing_queue_ids":[],"_links":{"self":[{"href":"https:\/\/agora.xtec.cat\/cee-escoladejardineria\/wp-json\/wp\/v2\/posts\/631","targetHints":{"allow":["GET"]}}],"collection":[{"href":"https:\/\/agora.xtec.cat\/cee-escoladejardineria\/wp-json\/wp\/v2\/posts"}],"about":[{"href":"https:\/\/agora.xtec.cat\/cee-escoladejardineria\/wp-json\/wp\/v2\/types\/post"}],"author":[{"embeddable":true,"href":"https:\/\/agora.xtec.cat\/cee-escoladejardineria\/wp-json\/wp\/v2\/users\/1"}],"replies":[{"embeddable":true,"href":"https:\/\/agora.xtec.cat\/cee-escoladejardineria\/wp-json\/wp\/v2\/comments?post=631"}],"version-history":[{"count":1,"href":"https:\/\/agora.xtec.cat\/cee-escoladejardineria\/wp-json\/wp\/v2\/posts\/631\/revisions"}],"predecessor-version":[{"id":632,"href":"https:\/\/agora.xtec.cat\/cee-escoladejardineria\/wp-json\/wp\/v2\/posts\/631\/revisions\/632"}],"wp:attachment":[{"href":"https:\/\/agora.xtec.cat\/cee-escoladejardineria\/wp-json\/wp\/v2\/media?parent=631"}],"wp:term":[{"taxonomy":"category","embeddable":true,"href":"https:\/\/agora.xtec.cat\/cee-escoladejardineria\/wp-json\/wp\/v2\/categories?post=631"},{"taxonomy":"post_tag","embeddable":true,"href":"https:\/\/agora.xtec.cat\/cee-escoladejardineria\/wp-json\/wp\/v2\/tags?post=631"}],"curies":[{"name":"wp","href":"https:\/\/api.w.org\/{rel}","templated":true}]}}