{"id":629,"date":"2023-06-30T09:56:55","date_gmt":"2023-06-30T07:56:55","guid":{"rendered":"https:\/\/agora.xtec.cat\/cee-escoladejardineria\/?p=629"},"modified":"2023-06-30T09:56:55","modified_gmt":"2023-06-30T07:56:55","slug":"torrem-castanyes-plegats","status":"publish","type":"post","link":"https:\/\/agora.xtec.cat\/cee-escoladejardineria\/portada\/torrem-castanyes-plegats\/","title":{"rendered":"TORREM CASTANYES PLEGATS"},"content":{"rendered":"<p><span class=\"WdYUQQ text-decoration-none text-strikethrough-none\">Celebrar la Castanyada torrant castanyes \u00e9s un costum a la nostra escola que gaudim plegats. Tot i que aquest any ens les hem menjat amb m\u00e0niga curta, estaven bon\u00edssimes! <\/span><span class=\"WdYUQQ text-decoration-none text-strikethrough-none\">Les castanyes s\u00f3n un fruit de la tardor i un dels m\u00e9s populars a Catalunya. A l&#8217;escola les emboliquem amb paperines de diari per mantenir l&#8217;escalfor com mana la tradici\u00f3. Les hem acompanyat d&#8217;uns bons panellets, un refresc i una mica de m\u00fasica i aix\u00ed hem passat una estona genial. <\/span><span class=\"WdYUQQ text-decoration-none text-strikethrough-none\">Enguany hem fet un taller de cuina de panellets de moniato i, per arrodonir la festa, hem fet un partidet de futbol.<\/span><\/p>\n","protected":false},"excerpt":{"rendered":"<p>Celebrar la Castanyada torrant castanyes \u00e9s un costum a la nostra escola que gaudim plegats. Tot i que aquest any ens les hem menjat amb m\u00e0niga curta, estaven bon\u00edssimes! Les castanyes s\u00f3n un fruit de la tardor i un dels m\u00e9s populars a Catalunya. A&hellip;  <a href=\"https:\/\/agora.xtec.cat\/cee-escoladejardineria\/portada\/torrem-castanyes-plegats\/\" title=\"Read TORREM CASTANYES PLEGATS\">Llegeix m\u00e9s\u00bb<\/a><\/p>\n","protected":false},"author":1,"featured_media":0,"comment_status":"open","ping_status":"closed","sticky":false,"template":"","format":"standard","meta":{"_bbp_topic_count":0,"_bbp_reply_count":0,"_bbp_total_topic_count":0,"_bbp_total_reply_count":0,"_bbp_voice_count":0,"_bbp_anonymous_reply_count":0,"_bbp_topic_count_hidden":0,"_bbp_reply_count_hidden":0,"_bbp_forum_subforum_count":0,"footnotes":""},"categories":[29],"tags":[],"class_list":["post-629","post","type-post","status-publish","format-standard","hentry","category-portada"],"post_mailing_queue_ids":[],"_links":{"self":[{"href":"https:\/\/agora.xtec.cat\/cee-escoladejardineria\/wp-json\/wp\/v2\/posts\/629","targetHints":{"allow":["GET"]}}],"collection":[{"href":"https:\/\/agora.xtec.cat\/cee-escoladejardineria\/wp-json\/wp\/v2\/posts"}],"about":[{"href":"https:\/\/agora.xtec.cat\/cee-escoladejardineria\/wp-json\/wp\/v2\/types\/post"}],"author":[{"embeddable":true,"href":"https:\/\/agora.xtec.cat\/cee-escoladejardineria\/wp-json\/wp\/v2\/users\/1"}],"replies":[{"embeddable":true,"href":"https:\/\/agora.xtec.cat\/cee-escoladejardineria\/wp-json\/wp\/v2\/comments?post=629"}],"version-history":[{"count":1,"href":"https:\/\/agora.xtec.cat\/cee-escoladejardineria\/wp-json\/wp\/v2\/posts\/629\/revisions"}],"predecessor-version":[{"id":630,"href":"https:\/\/agora.xtec.cat\/cee-escoladejardineria\/wp-json\/wp\/v2\/posts\/629\/revisions\/630"}],"wp:attachment":[{"href":"https:\/\/agora.xtec.cat\/cee-escoladejardineria\/wp-json\/wp\/v2\/media?parent=629"}],"wp:term":[{"taxonomy":"category","embeddable":true,"href":"https:\/\/agora.xtec.cat\/cee-escoladejardineria\/wp-json\/wp\/v2\/categories?post=629"},{"taxonomy":"post_tag","embeddable":true,"href":"https:\/\/agora.xtec.cat\/cee-escoladejardineria\/wp-json\/wp\/v2\/tags?post=629"}],"curies":[{"name":"wp","href":"https:\/\/api.w.org\/{rel}","templated":true}]}}