{"id":608,"date":"2023-01-16T12:33:44","date_gmt":"2023-01-16T11:33:44","guid":{"rendered":"https:\/\/agora.xtec.cat\/cee-escoladejardineria\/?p=608"},"modified":"2023-01-17T16:09:58","modified_gmt":"2023-01-17T15:09:58","slug":"visitem-els-pous-de-gel-de-lleida","status":"publish","type":"post","link":"https:\/\/agora.xtec.cat\/cee-escoladejardineria\/general\/visitem-els-pous-de-gel-de-lleida\/","title":{"rendered":"Visitem els pous de gel de Lleida"},"content":{"rendered":"<h3><span style=\"color: #008000;\"><strong>Visita als pous de gel de la ciutat de Lleida<\/strong><\/span><\/h3>\n<p>La primera sortida del curs va ser el passat mes d&#8217;octubre a un dels racons menys coneguts de la nostra ciutat. Ha estat una visita molt il\u00b7lustrativa de la ma d&#8217;un guia que ens ha explicat la seva hist\u00f2ria i curiositats. Aquests pous del s.XVII son unes construccions subterr\u00e0nies que es troben al peu de la Seu Vella. Aquests van abastir de gel natural a tota la ciutat durant molts anys mentre encara no hi havien f\u00e0briques de gel ni neveres a les cases. Ha estat molt interessant con\u00e9ixer com es proveien de gla\u00e7 els pous, la seva gesti\u00f3, usos i consum.<\/p>\n<p><a href=\"https:\/\/agora.xtec.cat\/cee-escoladejardineria\/wp-content\/uploads\/usu2311\/2023\/01\/POUS-GEL-1-min-scaled.jpg\"><img loading=\"lazy\" decoding=\"async\" class=\"alignnone wp-image-613\" src=\"https:\/\/agora.xtec.cat\/cee-escoladejardineria\/wp-content\/uploads\/usu2311\/2023\/01\/POUS-GEL-1-min-1024x768.jpg\" alt=\"\" width=\"620\" height=\"465\" srcset=\"https:\/\/agora.xtec.cat\/cee-escoladejardineria\/wp-content\/uploads\/usu2311\/2023\/01\/POUS-GEL-1-min-1024x768.jpg 1024w, https:\/\/agora.xtec.cat\/cee-escoladejardineria\/wp-content\/uploads\/usu2311\/2023\/01\/POUS-GEL-1-min-300x225.jpg 300w, https:\/\/agora.xtec.cat\/cee-escoladejardineria\/wp-content\/uploads\/usu2311\/2023\/01\/POUS-GEL-1-min-768x576.jpg 768w, https:\/\/agora.xtec.cat\/cee-escoladejardineria\/wp-content\/uploads\/usu2311\/2023\/01\/POUS-GEL-1-min-1536x1152.jpg 1536w, https:\/\/agora.xtec.cat\/cee-escoladejardineria\/wp-content\/uploads\/usu2311\/2023\/01\/POUS-GEL-1-min-2048x1536.jpg 2048w, https:\/\/agora.xtec.cat\/cee-escoladejardineria\/wp-content\/uploads\/usu2311\/2023\/01\/POUS-GEL-1-min-200x150.jpg 200w\" sizes=\"auto, (max-width: 620px) 100vw, 620px\" \/><\/a> <a href=\"https:\/\/agora.xtec.cat\/cee-escoladejardineria\/wp-content\/uploads\/usu2311\/2023\/01\/POUS-GEL-2-min-scaled.jpg\"><img loading=\"lazy\" decoding=\"async\" class=\"alignnone wp-image-614\" src=\"https:\/\/agora.xtec.cat\/cee-escoladejardineria\/wp-content\/uploads\/usu2311\/2023\/01\/POUS-GEL-2-min-1024x768.jpg\" alt=\"\" width=\"620\" height=\"465\" srcset=\"https:\/\/agora.xtec.cat\/cee-escoladejardineria\/wp-content\/uploads\/usu2311\/2023\/01\/POUS-GEL-2-min-1024x768.jpg 1024w, https:\/\/agora.xtec.cat\/cee-escoladejardineria\/wp-content\/uploads\/usu2311\/2023\/01\/POUS-GEL-2-min-300x225.jpg 300w, https:\/\/agora.xtec.cat\/cee-escoladejardineria\/wp-content\/uploads\/usu2311\/2023\/01\/POUS-GEL-2-min-768x576.jpg 768w, https:\/\/agora.xtec.cat\/cee-escoladejardineria\/wp-content\/uploads\/usu2311\/2023\/01\/POUS-GEL-2-min-1536x1152.jpg 1536w, https:\/\/agora.xtec.cat\/cee-escoladejardineria\/wp-content\/uploads\/usu2311\/2023\/01\/POUS-GEL-2-min-2048x1536.jpg 2048w, https:\/\/agora.xtec.cat\/cee-escoladejardineria\/wp-content\/uploads\/usu2311\/2023\/01\/POUS-GEL-2-min-200x150.jpg 200w\" sizes=\"auto, (max-width: 620px) 100vw, 620px\" \/><\/a><\/p>\n","protected":false},"excerpt":{"rendered":"<p>Visita als pous de gel de la ciutat de Lleida<br \/>\nLa primera sortida del curs va ser el passat mes d&#8217;octubre a un dels racons menys coneguts de la nostra ciutat. Ha estat una visita molt il\u00b7lustrativa de la ma d&#8217;un guia que ens ha explicat&hellip;  <a href=\"https:\/\/agora.xtec.cat\/cee-escoladejardineria\/general\/visitem-els-pous-de-gel-de-lleida\/\" title=\"Read Visitem els pous de gel de Lleida\">Llegeix m\u00e9s\u00bb<\/a><\/p>\n","protected":false},"author":1,"featured_media":0,"comment_status":"open","ping_status":"closed","sticky":false,"template":"","format":"standard","meta":{"_bbp_topic_count":0,"_bbp_reply_count":0,"_bbp_total_topic_count":0,"_bbp_total_reply_count":0,"_bbp_voice_count":0,"_bbp_anonymous_reply_count":0,"_bbp_topic_count_hidden":0,"_bbp_reply_count_hidden":0,"_bbp_forum_subforum_count":0,"footnotes":""},"categories":[1,29],"tags":[39],"class_list":["post-608","post","type-post","status-publish","format-standard","hentry","category-general","category-portada","tag-sortides"],"post_mailing_queue_ids":[],"_links":{"self":[{"href":"https:\/\/agora.xtec.cat\/cee-escoladejardineria\/wp-json\/wp\/v2\/posts\/608","targetHints":{"allow":["GET"]}}],"collection":[{"href":"https:\/\/agora.xtec.cat\/cee-escoladejardineria\/wp-json\/wp\/v2\/posts"}],"about":[{"href":"https:\/\/agora.xtec.cat\/cee-escoladejardineria\/wp-json\/wp\/v2\/types\/post"}],"author":[{"embeddable":true,"href":"https:\/\/agora.xtec.cat\/cee-escoladejardineria\/wp-json\/wp\/v2\/users\/1"}],"replies":[{"embeddable":true,"href":"https:\/\/agora.xtec.cat\/cee-escoladejardineria\/wp-json\/wp\/v2\/comments?post=608"}],"version-history":[{"count":3,"href":"https:\/\/agora.xtec.cat\/cee-escoladejardineria\/wp-json\/wp\/v2\/posts\/608\/revisions"}],"predecessor-version":[{"id":615,"href":"https:\/\/agora.xtec.cat\/cee-escoladejardineria\/wp-json\/wp\/v2\/posts\/608\/revisions\/615"}],"wp:attachment":[{"href":"https:\/\/agora.xtec.cat\/cee-escoladejardineria\/wp-json\/wp\/v2\/media?parent=608"}],"wp:term":[{"taxonomy":"category","embeddable":true,"href":"https:\/\/agora.xtec.cat\/cee-escoladejardineria\/wp-json\/wp\/v2\/categories?post=608"},{"taxonomy":"post_tag","embeddable":true,"href":"https:\/\/agora.xtec.cat\/cee-escoladejardineria\/wp-json\/wp\/v2\/tags?post=608"}],"curies":[{"name":"wp","href":"https:\/\/api.w.org\/{rel}","templated":true}]}}