{"id":127,"date":"2014-09-19T10:31:19","date_gmt":"2014-09-19T10:31:19","guid":{"rendered":"http:\/\/agora.xtec.cat\/cee-escoladejardineria\/?p=127"},"modified":"2023-06-30T09:17:37","modified_gmt":"2023-06-30T07:17:37","slug":"noticia-3","status":"publish","type":"post","link":"https:\/\/agora.xtec.cat\/cee-escoladejardineria\/portada\/noticia-3\/","title":{"rendered":"Fem suc de magrana"},"content":{"rendered":"<p>Aquesta tardor el nostre magraner ens ha fet moltes magranes que hem volgut aprofitar per fer suc. A l&#8217;escola ens agrada fer tallers de cuina i per aix\u00f2 hem fet de suc de magrana. Hem desgranat les magranes, hi hem afegit un tros de llimona i tot ho hem passat per la liquadora de baixa pressi\u00f3. \u00c9s molt f\u00e0cil, saludable i est\u00e0 bon\u00edssim !! Us direm el nostre secret: afegir-hi unes gotes de llimona. Salut!<\/p>\n\r\n\t<div class=\"slideshow_container slideshow_container_style-light\" style=\"height: 200px; \" data-slideshow-id=\"202\" data-style-name=\"style-light\" data-style-version=\"2.3.1\" >\r\n\r\n\t\t\t\t\t<div class=\"slideshow_loading_icon\"><\/div>\r\n\t\t\r\n\t\t<div class=\"slideshow_content\" style=\"display: none;\">\r\n\r\n\t\t\t<div class=\"slideshow_view\">\r\n\t\t\t\t<div class=\"slideshow_slide slideshow_slide_image\">\r\n\t\t\t\t\t\t\t\t\t\t\t<img src=\"https:\/\/agora.xtec.cat\/cee-escoladejardineria\/wp-content\/uploads\/usu2311\/2014\/09\/screeshot.png\" alt=\"screeshot\" width=\"524\" height=\"392\" \/>\r\n\t\t\t\t\t\t\t\t\t\t<div class=\"slideshow_description_box slideshow_transparent\">\r\n\t\t\t\t\t\t<div class=\"slideshow_title\">screeshot<\/div>\t\t\t\t\t\t\t\t\t\t\t<\/div>\r\n\t\t\t\t<\/div>\r\n\r\n\t\t\t\t\t\t<div style=\"clear: both;\"><\/div><\/div><div class=\"slideshow_view\">\r\n\t<div class=\"slideshow_slide slideshow_slide_text\" style=\"background-color: #1e73be;\">\r\n\t\t\r\n\t\t\t\t<div class=\"slideshow_description\" style=\"color: #ffffff;\">\r\n\t\t\t\t\t\t\t<br><br>\r\nAqu\u00ed podeu posar els missatges, v\u00eddeos o fotos destacades que vagin sortint al mur\t\t\t\t\t<\/div>\r\n\t\t\r\n\t\t<a  class=\"slideshow_background_anchor\"><\/a>\r\n\t<\/div>\r\n<div style=\"clear: both;\"><\/div><\/div><div class=\"slideshow_view\">\r\n\t<div class=\"slideshow_slide slideshow_slide_video\">\r\n\t\t<div class=\"slideshow_slide_video_id\" style=\"display: none;\" data-show-related-videos=\"0\">wSNYYThX5-g<\/div>\r\n\t<\/div>\r\n<div style=\"clear: both;\"><\/div><\/div>\r\n\t\t<\/div>\r\n\r\n\t\t<div class=\"slideshow_controlPanel slideshow_transparent\" style=\"display: none;\"><ul><li class=\"slideshow_togglePlay\" data-play-text=\"Visualitza\" data-pause-text=\"Pausa\"><\/li><\/ul><\/div>\r\n\r\n\t\t<div class=\"slideshow_button slideshow_previous slideshow_transparent\" role=\"button\" data-previous-text=\"Anterior\" style=\"display: none;\"><\/div>\r\n\t\t<div class=\"slideshow_button slideshow_next slideshow_transparent\" role=\"button\" data-next-text=\"Seg\u00fcent\" style=\"display: none;\"><\/div>\r\n\r\n\t\t<div class=\"slideshow_pagination\" style=\"display: none;\" data-go-to-text=\"V\u00e9s a la diapositiva\"><div class=\"slideshow_pagination_center\"><\/div><\/div>\r\n\r\n\t\t<!-- WordPress Slideshow Version 2.3.1 -->\r\n\r\n\t\t\t<\/div>\r\n\r\n\n<p>&nbsp;<\/p>\n","protected":false},"excerpt":{"rendered":"<p>Aquesta tardor el nostre magraner ens ha fet moltes magranes que hem volgut aprofitar per fer suc. A l&#8217;escola ens agrada fer tallers de cuina i per aix\u00f2 hem fet de suc de magrana. Hem desgranat les magranes, hi hem afegit un tros de llimona&hellip;  <a href=\"https:\/\/agora.xtec.cat\/cee-escoladejardineria\/portada\/noticia-3\/\" title=\"Read Fem suc de magrana\">Llegeix m\u00e9s\u00bb<\/a><\/p>\n","protected":false},"author":1,"featured_media":0,"comment_status":"open","ping_status":"closed","sticky":false,"template":"","format":"standard","meta":{"_bbp_topic_count":0,"_bbp_reply_count":0,"_bbp_total_topic_count":0,"_bbp_total_reply_count":0,"_bbp_voice_count":0,"_bbp_anonymous_reply_count":0,"_bbp_topic_count_hidden":0,"_bbp_reply_count_hidden":0,"_bbp_forum_subforum_count":0,"footnotes":""},"categories":[29],"tags":[39,40],"class_list":["post-127","post","type-post","status-publish","format-standard","hentry","category-portada","tag-sortides","tag-teatre"],"post_mailing_queue_ids":[],"_links":{"self":[{"href":"https:\/\/agora.xtec.cat\/cee-escoladejardineria\/wp-json\/wp\/v2\/posts\/127","targetHints":{"allow":["GET"]}}],"collection":[{"href":"https:\/\/agora.xtec.cat\/cee-escoladejardineria\/wp-json\/wp\/v2\/posts"}],"about":[{"href":"https:\/\/agora.xtec.cat\/cee-escoladejardineria\/wp-json\/wp\/v2\/types\/post"}],"author":[{"embeddable":true,"href":"https:\/\/agora.xtec.cat\/cee-escoladejardineria\/wp-json\/wp\/v2\/users\/1"}],"replies":[{"embeddable":true,"href":"https:\/\/agora.xtec.cat\/cee-escoladejardineria\/wp-json\/wp\/v2\/comments?post=127"}],"version-history":[{"count":3,"href":"https:\/\/agora.xtec.cat\/cee-escoladejardineria\/wp-json\/wp\/v2\/posts\/127\/revisions"}],"predecessor-version":[{"id":626,"href":"https:\/\/agora.xtec.cat\/cee-escoladejardineria\/wp-json\/wp\/v2\/posts\/127\/revisions\/626"}],"wp:attachment":[{"href":"https:\/\/agora.xtec.cat\/cee-escoladejardineria\/wp-json\/wp\/v2\/media?parent=127"}],"wp:term":[{"taxonomy":"category","embeddable":true,"href":"https:\/\/agora.xtec.cat\/cee-escoladejardineria\/wp-json\/wp\/v2\/categories?post=127"},{"taxonomy":"post_tag","embeddable":true,"href":"https:\/\/agora.xtec.cat\/cee-escoladejardineria\/wp-json\/wp\/v2\/tags?post=127"}],"curies":[{"name":"wp","href":"https:\/\/api.w.org\/{rel}","templated":true}]}}