{"id":994,"date":"2021-06-23T16:15:01","date_gmt":"2021-06-23T14:15:01","guid":{"rendered":"https:\/\/agora.xtec.cat\/cee-canoriol\/?p=994"},"modified":"2023-04-05T20:28:02","modified_gmt":"2023-04-05T18:28:02","slug":"projecte-sobre-el-canvi-climatic","status":"publish","type":"post","link":"https:\/\/agora.xtec.cat\/cee-canoriol\/general\/projecte-sobre-el-canvi-climatic\/","title":{"rendered":"Projecte sobre el canvi clim\u00e0tic"},"content":{"rendered":"<p style=\"text-align: justify;\">El grup G14 d&#8217;alumnes de l&#8217;etapa de Secund\u00e0ria ha fet un projecte conjunt amb el muralista Ivan Bravo. El <strong>canvi clim\u00e0tic<\/strong> ha estat la tem\u00e0tica escollida com a eix central per elaborar el mural. Els alumnes han aportat idees i els seus dissenys i han participat en l&#8217;elaboraci\u00f3 del mural que ha finalitzat el muralista reconegut Ivan Bravo.<\/p>\n<p><img loading=\"lazy\" decoding=\"async\" class=\"aligncenter size-large wp-image-995\" src=\"https:\/\/agora.xtec.cat\/cee-canoriol\/wp-content\/uploads\/usu1200\/2021\/06\/IMG-20210604-WA0008-1024x768.jpg\" alt=\"\" width=\"1024\" height=\"768\" srcset=\"https:\/\/agora.xtec.cat\/cee-canoriol\/wp-content\/uploads\/usu1200\/2021\/06\/IMG-20210604-WA0008-1024x768.jpg 1024w, https:\/\/agora.xtec.cat\/cee-canoriol\/wp-content\/uploads\/usu1200\/2021\/06\/IMG-20210604-WA0008-300x225.jpg 300w, https:\/\/agora.xtec.cat\/cee-canoriol\/wp-content\/uploads\/usu1200\/2021\/06\/IMG-20210604-WA0008-768x576.jpg 768w, https:\/\/agora.xtec.cat\/cee-canoriol\/wp-content\/uploads\/usu1200\/2021\/06\/IMG-20210604-WA0008-200x150.jpg 200w, https:\/\/agora.xtec.cat\/cee-canoriol\/wp-content\/uploads\/usu1200\/2021\/06\/IMG-20210604-WA0008.jpg 1600w\" sizes=\"auto, (max-width: 1024px) 100vw, 1024px\" \/><\/p>\n","protected":false},"excerpt":{"rendered":"<p>El grup G14 d&#8217;alumnes de l&#8217;etapa de Secund\u00e0ria ha fet un projecte conjunt amb el muralista Ivan Bravo. El canvi clim\u00e0tic ha estat la tem\u00e0tica escollida com a eix central per elaborar el mural. Els alumnes han aportat idees i els seus dissenys i han&hellip;  <a href=\"https:\/\/agora.xtec.cat\/cee-canoriol\/general\/projecte-sobre-el-canvi-climatic\/\" title=\"Read Projecte sobre el canvi clim\u00e0tic\">Llegeix m\u00e9s\u00bb<\/a><\/p>\n","protected":false},"author":1,"featured_media":0,"comment_status":"open","ping_status":"closed","sticky":false,"template":"","format":"standard","meta":{"_bbp_topic_count":0,"_bbp_reply_count":0,"_bbp_total_topic_count":0,"_bbp_total_reply_count":0,"_bbp_voice_count":0,"_bbp_anonymous_reply_count":0,"_bbp_topic_count_hidden":0,"_bbp_reply_count_hidden":0,"_bbp_forum_subforum_count":0,"footnotes":""},"categories":[8,1,109,4],"tags":[116,17],"class_list":["post-994","post","type-post","status-publish","format-standard","hentry","category-secundaria","category-general","category-g14","category-portada","tag-activitats-aula","tag-plastica"],"post_mailing_queue_ids":[],"_links":{"self":[{"href":"https:\/\/agora.xtec.cat\/cee-canoriol\/wp-json\/wp\/v2\/posts\/994","targetHints":{"allow":["GET"]}}],"collection":[{"href":"https:\/\/agora.xtec.cat\/cee-canoriol\/wp-json\/wp\/v2\/posts"}],"about":[{"href":"https:\/\/agora.xtec.cat\/cee-canoriol\/wp-json\/wp\/v2\/types\/post"}],"author":[{"embeddable":true,"href":"https:\/\/agora.xtec.cat\/cee-canoriol\/wp-json\/wp\/v2\/users\/1"}],"replies":[{"embeddable":true,"href":"https:\/\/agora.xtec.cat\/cee-canoriol\/wp-json\/wp\/v2\/comments?post=994"}],"version-history":[{"count":3,"href":"https:\/\/agora.xtec.cat\/cee-canoriol\/wp-json\/wp\/v2\/posts\/994\/revisions"}],"predecessor-version":[{"id":1030,"href":"https:\/\/agora.xtec.cat\/cee-canoriol\/wp-json\/wp\/v2\/posts\/994\/revisions\/1030"}],"wp:attachment":[{"href":"https:\/\/agora.xtec.cat\/cee-canoriol\/wp-json\/wp\/v2\/media?parent=994"}],"wp:term":[{"taxonomy":"category","embeddable":true,"href":"https:\/\/agora.xtec.cat\/cee-canoriol\/wp-json\/wp\/v2\/categories?post=994"},{"taxonomy":"post_tag","embeddable":true,"href":"https:\/\/agora.xtec.cat\/cee-canoriol\/wp-json\/wp\/v2\/tags?post=994"}],"curies":[{"name":"wp","href":"https:\/\/api.w.org\/{rel}","templated":true}]}}