{"id":1868,"date":"2026-02-24T10:53:19","date_gmt":"2026-02-24T09:53:19","guid":{"rendered":"https:\/\/agora.xtec.cat\/cee-canoriol\/?p=1868"},"modified":"2026-02-24T10:54:54","modified_gmt":"2026-02-24T09:54:54","slug":"setmana-de-lorientacio-de-rubi-2026","status":"publish","type":"post","link":"https:\/\/agora.xtec.cat\/cee-canoriol\/general\/setmana-de-lorientacio-de-rubi-2026\/","title":{"rendered":"SETMANA DE L&#8217;ORIENTACI\u00d3 DE RUB\u00cd 2026"},"content":{"rendered":"<p>&nbsp;<\/p>\n<p>Del 9 al 12 de mar\u00e7, es dur\u00e0 a terme la <strong>setmana de l&#8217;orientaci\u00f3 2026<\/strong>, organitzada per l&#8217;Ajuntament de Rub\u00ed.<\/p>\n<p>Aqu\u00ed teniu la informaci\u00f3 m\u00e9s rellevant.<\/p>\n<p><strong>Horaris i empla\u00e7aments<\/strong><\/p>\n<ul>\n<li>Del 9 al 12 de mar\u00e7, diferents espais de la ciutat<\/li>\n<\/ul>\n<p><img loading=\"lazy\" decoding=\"async\" class=\"wp-image-1869 alignnone\" src=\"https:\/\/agora.xtec.cat\/cee-canoriol\/wp-content\/uploads\/usu1200\/2026\/02\/large.png\" alt=\"\" width=\"612\" height=\"432\" srcset=\"https:\/\/agora.xtec.cat\/cee-canoriol\/wp-content\/uploads\/usu1200\/2026\/02\/large.png 768w, https:\/\/agora.xtec.cat\/cee-canoriol\/wp-content\/uploads\/usu1200\/2026\/02\/large-300x212.png 300w\" sizes=\"auto, (max-width: 612px) 100vw, 612px\" \/><\/p>\n<p><strong>Cal inscripci\u00f3 pr\u00e8via?<\/strong><\/p>\n<p>Les activitats s\u00f3n d&#8217;entrada lliure i gratu\u00efta.<\/p>\n<p>Cal\u00a0<strong><a href=\"https:\/\/forms.rubi.cat\/index.php\/993962?lang=ca\" target=\"_blank\" rel=\"noopener\">inscripci\u00f3 pr\u00e8via\u00a0<\/a><\/strong>nom\u00e9s per la xerrada inaugural, la taula rodona C<em>om acompanyem en el proc\u00e9s d\u2019acreditaci\u00f3 de compet\u00e8ncies\u00a0<\/em>i les xerrades\u00a0<em>Construint futur: El rol de l\u2019 arrelament socioformatiu<\/em>,\u00a0<em>Sortides a serveis professionals i d\u2019 atenci\u00f3 di\u00fcrna de l\u2019alumnat d\u2019un centre d\u2019educaci\u00f3 especial\u00a0<\/em>i\u00a0<em>Oportunitats professionals a la comarca. Coneix les vocacions industrials.\u00a0<\/em><\/p>\n<p><strong><br \/>\n\u00c9s accessible?<\/strong><\/p>\n<ul>\n<li>Places d\u2019aparcament reservades per a persones amb mobilitat redu\u00efda prop de les ubicacions<\/li>\n<li>Ruta accessible i senyalitzada<\/li>\n<li>Bucle magn\u00e8tic per a les persones amb discapacitat auditiva<\/li>\n<\/ul>\n<p><strong>Programa d&#8217;activitats<\/strong><\/p>\n<p>Podeu consultar al seg\u00fcent enlla\u00e7 el <a href=\"https:\/\/agora.xtec.cat\/cee-canoriol\/wp-content\/uploads\/usu1200\/2026\/02\/programa-setmana-orientacio-profesional-2026.pdf\">programa-setmana-orientacio-profesional-2026<\/a>.<\/p>\n<p><img loading=\"lazy\" decoding=\"async\" class=\"wp-image-1871 alignnone\" src=\"https:\/\/agora.xtec.cat\/cee-canoriol\/wp-content\/uploads\/usu1200\/2026\/02\/large-1.png\" alt=\"\" width=\"602\" height=\"339\" srcset=\"https:\/\/agora.xtec.cat\/cee-canoriol\/wp-content\/uploads\/usu1200\/2026\/02\/large-1.png 768w, https:\/\/agora.xtec.cat\/cee-canoriol\/wp-content\/uploads\/usu1200\/2026\/02\/large-1-300x169.png 300w\" sizes=\"auto, (max-width: 602px) 100vw, 602px\" \/><\/p>\n<p>&nbsp;<\/p>\n<p>Per consultes podeu visitar la web:<\/p>\n<p><a href=\"https:\/\/www.rubi.cat\/ca\/temes\/rubi-forma\/tria-formacio-professional-1\/setmana_orientacio\">https:\/\/www.rubi.cat\/ca\/temes\/rubi-forma\/tria-formacio-professional-1\/setmana_orientacio<\/a><\/p>\n<p>Us animem a participar de la sessi\u00f3 informativa que es dur\u00e0 a terme al nostre centre, el dimecres 11 de mar\u00e7 a les 17.30 h, titulada <strong>&#8220;Sortides a serveis professionals i d&#8217;atenci\u00f3 di\u00fcrna de l&#8217;alumnat d&#8217;un centre d&#8217;educaci\u00f3 especial&#8221;.<\/strong><\/p>\n<p><span style=\"color: #99cc00;\"><strong>COMUNITAT EDUCATIVA CEE CA N&#8217;ORIOL<\/strong><\/span><\/p>\n","protected":false},"excerpt":{"rendered":"<p>&nbsp;<br \/>\nDel 9 al 12 de mar\u00e7, es dur\u00e0 a terme la setmana de l&#8217;orientaci\u00f3 2026, organitzada per l&#8217;Ajuntament de Rub\u00ed.<br \/>\nAqu\u00ed teniu la informaci\u00f3 m\u00e9s rellevant.<br \/>\nHoraris i empla\u00e7aments<\/p>\n<ul>\n<li>Del 9 al 12 de mar\u00e7, diferents espais de la ciutat<\/li>\n<\/ul>\n<p>Cal inscripci\u00f3 pr\u00e8via?<br \/>\nLes activitats s\u00f3n d&#8217;entrada lliure i gratu\u00efta.<br \/>\nCal\u00a0<a&hellip;  <a href=\"https:\/\/agora.xtec.cat\/cee-canoriol\/general\/setmana-de-lorientacio-de-rubi-2026\/\" title=\"Read SETMANA DE L&#8217;ORIENTACI\u00d3 DE RUB\u00cd 2026\">Llegeix m\u00e9s\u00bb<\/a><\/p>\n","protected":false},"author":1,"featured_media":0,"comment_status":"open","ping_status":"open","sticky":false,"template":"","format":"standard","meta":{"_bbp_topic_count":0,"_bbp_reply_count":0,"_bbp_total_topic_count":0,"_bbp_total_reply_count":0,"_bbp_voice_count":0,"_bbp_anonymous_reply_count":0,"_bbp_topic_count_hidden":0,"_bbp_reply_count_hidden":0,"_bbp_forum_subforum_count":0,"footnotes":""},"categories":[1,4],"tags":[136,112],"class_list":["post-1868","post","type-post","status-publish","format-standard","hentry","category-general","category-portada","tag-ajuntament-rubi","tag-families"],"post_mailing_queue_ids":[],"_links":{"self":[{"href":"https:\/\/agora.xtec.cat\/cee-canoriol\/wp-json\/wp\/v2\/posts\/1868","targetHints":{"allow":["GET"]}}],"collection":[{"href":"https:\/\/agora.xtec.cat\/cee-canoriol\/wp-json\/wp\/v2\/posts"}],"about":[{"href":"https:\/\/agora.xtec.cat\/cee-canoriol\/wp-json\/wp\/v2\/types\/post"}],"author":[{"embeddable":true,"href":"https:\/\/agora.xtec.cat\/cee-canoriol\/wp-json\/wp\/v2\/users\/1"}],"replies":[{"embeddable":true,"href":"https:\/\/agora.xtec.cat\/cee-canoriol\/wp-json\/wp\/v2\/comments?post=1868"}],"version-history":[{"count":3,"href":"https:\/\/agora.xtec.cat\/cee-canoriol\/wp-json\/wp\/v2\/posts\/1868\/revisions"}],"predecessor-version":[{"id":1874,"href":"https:\/\/agora.xtec.cat\/cee-canoriol\/wp-json\/wp\/v2\/posts\/1868\/revisions\/1874"}],"wp:attachment":[{"href":"https:\/\/agora.xtec.cat\/cee-canoriol\/wp-json\/wp\/v2\/media?parent=1868"}],"wp:term":[{"taxonomy":"category","embeddable":true,"href":"https:\/\/agora.xtec.cat\/cee-canoriol\/wp-json\/wp\/v2\/categories?post=1868"},{"taxonomy":"post_tag","embeddable":true,"href":"https:\/\/agora.xtec.cat\/cee-canoriol\/wp-json\/wp\/v2\/tags?post=1868"}],"curies":[{"name":"wp","href":"https:\/\/api.w.org\/{rel}","templated":true}]}}