{"id":1820,"date":"2025-10-07T23:40:27","date_gmt":"2025-10-07T21:40:27","guid":{"rendered":"https:\/\/agora.xtec.cat\/cee-canoriol\/?p=1820"},"modified":"2025-10-07T23:41:05","modified_gmt":"2025-10-07T21:41:05","slug":"dia-mundial-salut-mental","status":"publish","type":"post","link":"https:\/\/agora.xtec.cat\/cee-canoriol\/general\/dia-mundial-salut-mental\/","title":{"rendered":"DIA MUNDIAL SALUT MENTAL"},"content":{"rendered":"<p>&nbsp;<\/p>\n<p>El 10 d&#8217;octubre celebrem el dia mundial de la SALUT MENTAL.<\/p>\n<p>Si cliqueu a la imatge, podreu accedir a la programaci\u00f3 que t\u00e9 previst l&#8217;Ajuntament de Rub\u00ed per commemorar aquest dia.<\/p>\n<p><a href=\"https:\/\/agora.xtec.cat\/cee-canoriol\/wp-content\/uploads\/usu1200\/2025\/10\/Salut-Mental-2025-Programa-modificat-WEB.pdf\"><img loading=\"lazy\" decoding=\"async\" class=\"aligncenter wp-image-1823\" src=\"https:\/\/agora.xtec.cat\/cee-canoriol\/wp-content\/uploads\/usu1200\/2025\/10\/baixa.png\" alt=\"\" width=\"383\" height=\"287\" srcset=\"https:\/\/agora.xtec.cat\/cee-canoriol\/wp-content\/uploads\/usu1200\/2025\/10\/baixa.png 259w, https:\/\/agora.xtec.cat\/cee-canoriol\/wp-content\/uploads\/usu1200\/2025\/10\/baixa-200x150.png 200w\" sizes=\"auto, (max-width: 383px) 100vw, 383px\" \/><\/a><\/p>\n<p>Esperem que us animeu a participar!<\/p>\n<p><span style=\"color: #99cc00;\"><strong>COMUNITAT EDUCATIVA CEE CA N&#8217;ORIOL<\/strong><\/span><\/p>\n","protected":false},"excerpt":{"rendered":"<p>&nbsp;<br \/>\nEl 10 d&#8217;octubre celebrem el dia mundial de la SALUT MENTAL.<br \/>\nSi cliqueu a la imatge, podreu accedir a la programaci\u00f3 que t\u00e9 previst l&#8217;Ajuntament de Rub\u00ed per commemorar aquest dia.<br \/>\n<a href=\"https:\/\/agora.xtec.cat\/cee-canoriol\/wp-content\/uploads\/usu1200\/2025\/10\/Salut-Mental-2025-Programa-modificat-WEB.pdf\"><\/a><br \/>\nEsperem que us animeu a participar!<br \/>\nCOMUNITAT EDUCATIVA CEE CA N&#8217;ORIOL<\/p>\n","protected":false},"author":1,"featured_media":0,"comment_status":"open","ping_status":"open","sticky":false,"template":"","format":"standard","meta":{"_bbp_topic_count":0,"_bbp_reply_count":0,"_bbp_total_topic_count":0,"_bbp_total_reply_count":0,"_bbp_voice_count":0,"_bbp_anonymous_reply_count":0,"_bbp_topic_count_hidden":0,"_bbp_reply_count_hidden":0,"_bbp_forum_subforum_count":0,"footnotes":""},"categories":[1,4],"tags":[137,120,112],"class_list":["post-1820","post","type-post","status-publish","format-standard","hentry","category-general","category-portada","tag-ampa","tag-diversitat-funcional","tag-families"],"post_mailing_queue_ids":[],"_links":{"self":[{"href":"https:\/\/agora.xtec.cat\/cee-canoriol\/wp-json\/wp\/v2\/posts\/1820","targetHints":{"allow":["GET"]}}],"collection":[{"href":"https:\/\/agora.xtec.cat\/cee-canoriol\/wp-json\/wp\/v2\/posts"}],"about":[{"href":"https:\/\/agora.xtec.cat\/cee-canoriol\/wp-json\/wp\/v2\/types\/post"}],"author":[{"embeddable":true,"href":"https:\/\/agora.xtec.cat\/cee-canoriol\/wp-json\/wp\/v2\/users\/1"}],"replies":[{"embeddable":true,"href":"https:\/\/agora.xtec.cat\/cee-canoriol\/wp-json\/wp\/v2\/comments?post=1820"}],"version-history":[{"count":2,"href":"https:\/\/agora.xtec.cat\/cee-canoriol\/wp-json\/wp\/v2\/posts\/1820\/revisions"}],"predecessor-version":[{"id":1824,"href":"https:\/\/agora.xtec.cat\/cee-canoriol\/wp-json\/wp\/v2\/posts\/1820\/revisions\/1824"}],"wp:attachment":[{"href":"https:\/\/agora.xtec.cat\/cee-canoriol\/wp-json\/wp\/v2\/media?parent=1820"}],"wp:term":[{"taxonomy":"category","embeddable":true,"href":"https:\/\/agora.xtec.cat\/cee-canoriol\/wp-json\/wp\/v2\/categories?post=1820"},{"taxonomy":"post_tag","embeddable":true,"href":"https:\/\/agora.xtec.cat\/cee-canoriol\/wp-json\/wp\/v2\/tags?post=1820"}],"curies":[{"name":"wp","href":"https:\/\/api.w.org\/{rel}","templated":true}]}}