{"id":1789,"date":"2025-04-17T20:18:53","date_gmt":"2025-04-17T18:18:53","guid":{"rendered":"https:\/\/agora.xtec.cat\/cee-canoriol\/?p=1789"},"modified":"2025-04-17T20:19:13","modified_gmt":"2025-04-17T18:19:13","slug":"xerrada-recursos-i-prestacions","status":"publish","type":"post","link":"https:\/\/agora.xtec.cat\/cee-canoriol\/general\/xerrada-recursos-i-prestacions\/","title":{"rendered":"XERRADA &#8220;RECURSOS I PRESTACIONS&#8221;"},"content":{"rendered":"<p>&nbsp;<\/p>\n<p>El pr\u00f2xim dilluns, <strong>28 d&#8217;abril del 2025<\/strong>, durem a terme una xerrada molt interessant\u2026<\/p>\n<p>&nbsp;<\/p>\n<p><img loading=\"lazy\" decoding=\"async\" class=\"aligncenter size-large wp-image-1790\" src=\"https:\/\/agora.xtec.cat\/cee-canoriol\/wp-content\/uploads\/usu1200\/2025\/04\/XERRADA-FAMILIES_recursos-i-prestacions-1024x576.jpg\" alt=\"\" width=\"1024\" height=\"576\" srcset=\"https:\/\/agora.xtec.cat\/cee-canoriol\/wp-content\/uploads\/usu1200\/2025\/04\/XERRADA-FAMILIES_recursos-i-prestacions-1024x576.jpg 1024w, https:\/\/agora.xtec.cat\/cee-canoriol\/wp-content\/uploads\/usu1200\/2025\/04\/XERRADA-FAMILIES_recursos-i-prestacions-300x169.jpg 300w, https:\/\/agora.xtec.cat\/cee-canoriol\/wp-content\/uploads\/usu1200\/2025\/04\/XERRADA-FAMILIES_recursos-i-prestacions-768x432.jpg 768w, https:\/\/agora.xtec.cat\/cee-canoriol\/wp-content\/uploads\/usu1200\/2025\/04\/XERRADA-FAMILIES_recursos-i-prestacions-1536x864.jpg 1536w, https:\/\/agora.xtec.cat\/cee-canoriol\/wp-content\/uploads\/usu1200\/2025\/04\/XERRADA-FAMILIES_recursos-i-prestacions.jpg 1920w\" sizes=\"auto, (max-width: 1024px) 100vw, 1024px\" \/><\/p>\n<p>&nbsp;<\/p>\n<p>L\u2019AMPA posar\u00e0 a disposici\u00f3 de les fam\u00edlies un servei de\u00a0<strong>canguratge<\/strong>, subvencionat per ells\/es, per tal de garantir la participaci\u00f3 de totes les fam\u00edlies que vulguin venir.<\/p>\n<p>Us hi esperem!<\/p>\n<p>&nbsp;<\/p>\n<p><span style=\"color: #99cc00;\"><strong>COMUNITAT EDUCATIVA CA N\u2019ORIOL<\/strong><\/span><\/p>\n<p>&nbsp;<\/p>\n","protected":false},"excerpt":{"rendered":"<p>&nbsp;<br \/>\nEl pr\u00f2xim dilluns, 28 d&#8217;abril del 2025, durem a terme una xerrada molt interessant\u2026<br \/>\n&nbsp;<\/p>\n<p>&nbsp;<br \/>\nL\u2019AMPA posar\u00e0 a disposici\u00f3 de les fam\u00edlies un servei de\u00a0canguratge, subvencionat per ells\/es, per tal de garantir la participaci\u00f3 de totes les fam\u00edlies que vulguin venir.<br \/>\nUs hi esperem!<br \/>\n&nbsp;<br \/>\nCOMUNITAT EDUCATIVA CA N\u2019ORIOL<br \/>\n&nbsp;<\/p>\n","protected":false},"author":1,"featured_media":0,"comment_status":"open","ping_status":"closed","sticky":false,"template":"","format":"standard","meta":{"_bbp_topic_count":0,"_bbp_reply_count":0,"_bbp_total_topic_count":0,"_bbp_total_reply_count":0,"_bbp_voice_count":0,"_bbp_anonymous_reply_count":0,"_bbp_topic_count_hidden":0,"_bbp_reply_count_hidden":0,"_bbp_forum_subforum_count":0,"footnotes":""},"categories":[7,118,1,4],"tags":[122,137,120,112,134],"class_list":["post-1789","post","type-post","status-publish","format-standard","hentry","category-ampa","category-escola-de-families","category-general","category-portada","tag-ajuts","tag-ampa","tag-diversitat-funcional","tag-families","tag-oadf"],"post_mailing_queue_ids":[],"_links":{"self":[{"href":"https:\/\/agora.xtec.cat\/cee-canoriol\/wp-json\/wp\/v2\/posts\/1789","targetHints":{"allow":["GET"]}}],"collection":[{"href":"https:\/\/agora.xtec.cat\/cee-canoriol\/wp-json\/wp\/v2\/posts"}],"about":[{"href":"https:\/\/agora.xtec.cat\/cee-canoriol\/wp-json\/wp\/v2\/types\/post"}],"author":[{"embeddable":true,"href":"https:\/\/agora.xtec.cat\/cee-canoriol\/wp-json\/wp\/v2\/users\/1"}],"replies":[{"embeddable":true,"href":"https:\/\/agora.xtec.cat\/cee-canoriol\/wp-json\/wp\/v2\/comments?post=1789"}],"version-history":[{"count":1,"href":"https:\/\/agora.xtec.cat\/cee-canoriol\/wp-json\/wp\/v2\/posts\/1789\/revisions"}],"predecessor-version":[{"id":1791,"href":"https:\/\/agora.xtec.cat\/cee-canoriol\/wp-json\/wp\/v2\/posts\/1789\/revisions\/1791"}],"wp:attachment":[{"href":"https:\/\/agora.xtec.cat\/cee-canoriol\/wp-json\/wp\/v2\/media?parent=1789"}],"wp:term":[{"taxonomy":"category","embeddable":true,"href":"https:\/\/agora.xtec.cat\/cee-canoriol\/wp-json\/wp\/v2\/categories?post=1789"},{"taxonomy":"post_tag","embeddable":true,"href":"https:\/\/agora.xtec.cat\/cee-canoriol\/wp-json\/wp\/v2\/tags?post=1789"}],"curies":[{"name":"wp","href":"https:\/\/api.w.org\/{rel}","templated":true}]}}