{"id":1779,"date":"2025-03-04T12:01:05","date_gmt":"2025-03-04T11:01:05","guid":{"rendered":"https:\/\/agora.xtec.cat\/cee-canoriol\/?p=1779"},"modified":"2025-03-04T12:14:50","modified_gmt":"2025-03-04T11:14:50","slug":"rubi-format-2025","status":"publish","type":"post","link":"https:\/\/agora.xtec.cat\/cee-canoriol\/general\/rubi-format-2025\/","title":{"rendered":"RUB\u00cd FORMA&#8217;T 2025"},"content":{"rendered":"<p>&nbsp;<\/p>\n<p>Del 12 al 14 de mar\u00e7 del 2025 se celebra a Rub\u00ed la <strong>setmana de l&#8217;orientaci\u00f3 de RUB\u00cd FORMA&#8217;T 2025<\/strong>.<\/p>\n<p>Dins del programa hi ha una xerrada molt interessant que pot ser del vostre inter\u00e8s:<\/p>\n<p><img loading=\"lazy\" decoding=\"async\" class=\"aligncenter size-large wp-image-1780\" src=\"https:\/\/agora.xtec.cat\/cee-canoriol\/wp-content\/uploads\/usu1200\/2025\/03\/Sense-titol-1024x468.jpg\" alt=\"\" width=\"1024\" height=\"468\" srcset=\"https:\/\/agora.xtec.cat\/cee-canoriol\/wp-content\/uploads\/usu1200\/2025\/03\/Sense-titol-1024x468.jpg 1024w, https:\/\/agora.xtec.cat\/cee-canoriol\/wp-content\/uploads\/usu1200\/2025\/03\/Sense-titol-300x137.jpg 300w, https:\/\/agora.xtec.cat\/cee-canoriol\/wp-content\/uploads\/usu1200\/2025\/03\/Sense-titol-768x351.jpg 768w, https:\/\/agora.xtec.cat\/cee-canoriol\/wp-content\/uploads\/usu1200\/2025\/03\/Sense-titol.jpg 1136w\" sizes=\"auto, (max-width: 1024px) 100vw, 1024px\" \/><\/p>\n<p>&nbsp;<\/p>\n<p>Podeu consultar la programaci\u00f3 de tota la setmana clicant la seg\u00fcent imatge:<\/p>\n<p>&nbsp;<\/p>\n<p><a href=\"https:\/\/agora.xtec.cat\/cee-canoriol\/wp-content\/uploads\/usu1200\/2025\/03\/programa-rubi-format-2025.pdf\"><img loading=\"lazy\" decoding=\"async\" class=\"aligncenter wp-image-1783\" src=\"https:\/\/agora.xtec.cat\/cee-canoriol\/wp-content\/uploads\/usu1200\/2025\/03\/programa.jpg\" alt=\"\" width=\"439\" height=\"617\" srcset=\"https:\/\/agora.xtec.cat\/cee-canoriol\/wp-content\/uploads\/usu1200\/2025\/03\/programa.jpg 621w, https:\/\/agora.xtec.cat\/cee-canoriol\/wp-content\/uploads\/usu1200\/2025\/03\/programa-213x300.jpg 213w\" sizes=\"auto, (max-width: 439px) 100vw, 439px\" \/> <\/a><\/p>\n<p>&nbsp;<\/p>\n<p>Us animem a participar-hi.<\/p>\n<p>&nbsp;<\/p>\n<p><span style=\"color: #99cc00;\"><strong>COMUNITAT EDUCATIVA CA N&#8217;ORIOL<\/strong><\/span><\/p>\n<p>&nbsp;<\/p>\n<p>&nbsp;<\/p>\n","protected":false},"excerpt":{"rendered":"<p>&nbsp;<br \/>\nDel 12 al 14 de mar\u00e7 del 2025 se celebra a Rub\u00ed la setmana de l&#8217;orientaci\u00f3 de RUB\u00cd FORMA&#8217;T 2025.<br \/>\nDins del programa hi ha una xerrada molt interessant que pot ser del vostre inter\u00e8s:<\/p>\n<p>&nbsp;<br \/>\nPodeu consultar la programaci\u00f3 de tota la setmana clicant la seg\u00fcent imatge:<br \/>\n&nbsp;<br \/>\n<a&hellip;  <a href=\"https:\/\/agora.xtec.cat\/cee-canoriol\/general\/rubi-format-2025\/\" title=\"Read RUB\u00cd FORMA&#8217;T 2025\">Llegeix m\u00e9s\u00bb<\/a><\/p>\n","protected":false},"author":1,"featured_media":0,"comment_status":"open","ping_status":"closed","sticky":false,"template":"","format":"standard","meta":{"_bbp_topic_count":0,"_bbp_reply_count":0,"_bbp_total_topic_count":0,"_bbp_total_reply_count":0,"_bbp_voice_count":0,"_bbp_anonymous_reply_count":0,"_bbp_topic_count_hidden":0,"_bbp_reply_count_hidden":0,"_bbp_forum_subforum_count":0,"footnotes":""},"categories":[118,1,4],"tags":[112,134],"class_list":["post-1779","post","type-post","status-publish","format-standard","hentry","category-escola-de-families","category-general","category-portada","tag-families","tag-oadf"],"post_mailing_queue_ids":[],"_links":{"self":[{"href":"https:\/\/agora.xtec.cat\/cee-canoriol\/wp-json\/wp\/v2\/posts\/1779","targetHints":{"allow":["GET"]}}],"collection":[{"href":"https:\/\/agora.xtec.cat\/cee-canoriol\/wp-json\/wp\/v2\/posts"}],"about":[{"href":"https:\/\/agora.xtec.cat\/cee-canoriol\/wp-json\/wp\/v2\/types\/post"}],"author":[{"embeddable":true,"href":"https:\/\/agora.xtec.cat\/cee-canoriol\/wp-json\/wp\/v2\/users\/1"}],"replies":[{"embeddable":true,"href":"https:\/\/agora.xtec.cat\/cee-canoriol\/wp-json\/wp\/v2\/comments?post=1779"}],"version-history":[{"count":5,"href":"https:\/\/agora.xtec.cat\/cee-canoriol\/wp-json\/wp\/v2\/posts\/1779\/revisions"}],"predecessor-version":[{"id":1787,"href":"https:\/\/agora.xtec.cat\/cee-canoriol\/wp-json\/wp\/v2\/posts\/1779\/revisions\/1787"}],"wp:attachment":[{"href":"https:\/\/agora.xtec.cat\/cee-canoriol\/wp-json\/wp\/v2\/media?parent=1779"}],"wp:term":[{"taxonomy":"category","embeddable":true,"href":"https:\/\/agora.xtec.cat\/cee-canoriol\/wp-json\/wp\/v2\/categories?post=1779"},{"taxonomy":"post_tag","embeddable":true,"href":"https:\/\/agora.xtec.cat\/cee-canoriol\/wp-json\/wp\/v2\/tags?post=1779"}],"curies":[{"name":"wp","href":"https:\/\/api.w.org\/{rel}","templated":true}]}}