{"id":1719,"date":"2024-10-11T19:46:04","date_gmt":"2024-10-11T17:46:04","guid":{"rendered":"https:\/\/agora.xtec.cat\/cee-canoriol\/?p=1719"},"modified":"2024-10-11T19:46:04","modified_gmt":"2024-10-11T17:46:04","slug":"educa-rubi","status":"publish","type":"post","link":"https:\/\/agora.xtec.cat\/cee-canoriol\/general\/educa-rubi\/","title":{"rendered":"EDUCA RUB\u00cd"},"content":{"rendered":"<p>&nbsp;<\/p>\n<p style=\"font-weight: 400;\">El dia 21 de setembre es va dur a terme la Jornada participativa del Projecte Educatiu de Ciutat. En aquesta jornada, m\u00e9s de 200 persones van donar la seva opini\u00f3 sobre Rub\u00ed com a ciutat educadora.<\/p>\n<p style=\"font-weight: 400;\">Ara, des de l&#8217;Ajuntament de Rub\u00ed, ens demanen que donem la nostra opini\u00f3 sobre com #EducaRub\u00ed, per construir plegades una Ciutat M\u00c9S Educadora!<\/p>\n<p style=\"font-weight: 400;\">Les persones que responguin el formulari rebran una entrada per l\u2019espectacle STRAFALARI, del Mag Lari, que es far\u00e0 al Teatre municipal LA SALA el dia 25 d\u2019octubre. Les entrades es repartiran per ordre d\u2019arribada de les respostes fins a esgotar-les. Nom\u00e9s es donar\u00e0 una entrada per persona.<\/p>\n<p style=\"font-weight: 400;\">Podeu contestar al formulari a trav\u00e9s del seg\u00fcent enlla\u00e7<\/p>\n<p style=\"font-weight: 400;\"><a href=\"https:\/\/eu-central-1.protection.sophos.com\/?d=forms.gle&amp;u=aHR0cHM6Ly9mb3Jtcy5nbGUveFJUQ1JRajhMNkN4SFpNZzg=&amp;i=NWU4NDQzNTljNTEzZmQxNmE2ZGUyZDU1&amp;t=ZUtZNk5wYmhvTllvdURWcElZb2k1L0FoUDg5RlhWSW9HdVpjaVVIckhVTT0=&amp;h=bd8ccb5c515e4297ac6a109f07be40d5&amp;s=AVNPUEhUT0NFTkNSWVBUSVZ0vbH97fUcFt8cIiyaomPPuNuWJoG2oMxtc2rbqDzHfQ\" data-saferedirecturl=\"https:\/\/www.google.com\/url?q=https:\/\/eu-central-1.protection.sophos.com?d%3Dforms.gle%26u%3DaHR0cHM6Ly9mb3Jtcy5nbGUveFJUQ1JRajhMNkN4SFpNZzg%3D%26i%3DNWU4NDQzNTljNTEzZmQxNmE2ZGUyZDU1%26t%3DZUtZNk5wYmhvTllvdURWcElZb2k1L0FoUDg5RlhWSW9HdVpjaVVIckhVTT0%3D%26h%3Dbd8ccb5c515e4297ac6a109f07be40d5%26s%3DAVNPUEhUT0NFTkNSWVBUSVZ0vbH97fUcFt8cIiyaomPPuNuWJoG2oMxtc2rbqDzHfQ&amp;source=gmail&amp;ust=1728753643937000&amp;usg=AOvVaw2Mo9DVPQ63iU8yz-y0iquU\">https:\/\/forms.gle\/xRTCRQj8L6CxHZMg8<\/a><\/p>\n<p style=\"font-weight: 400;\">Gr\u00e0cies per la vostra participaci\u00f3!<\/p>\n<p>&nbsp;<\/p>\n<p><span style=\"color: #99cc00;\"><strong>COMUNITAT EDUCATIVA CEE CA N&#8217;ORIOL<\/strong><\/span><\/p>\n","protected":false},"excerpt":{"rendered":"<p>&nbsp;<br \/>\nEl dia 21 de setembre es va dur a terme la Jornada participativa del Projecte Educatiu de Ciutat. En aquesta jornada, m\u00e9s de 200 persones van donar la seva opini\u00f3 sobre Rub\u00ed com a ciutat educadora.<br \/>\nAra, des de l&#8217;Ajuntament de Rub\u00ed, ens demanen que donem&hellip;  <a href=\"https:\/\/agora.xtec.cat\/cee-canoriol\/general\/educa-rubi\/\" title=\"Read EDUCA RUB\u00cd\">Llegeix m\u00e9s\u00bb<\/a><\/p>\n","protected":false},"author":1,"featured_media":0,"comment_status":"open","ping_status":"closed","sticky":false,"template":"","format":"standard","meta":{"_bbp_topic_count":0,"_bbp_reply_count":0,"_bbp_total_topic_count":0,"_bbp_total_reply_count":0,"_bbp_voice_count":0,"_bbp_anonymous_reply_count":0,"_bbp_topic_count_hidden":0,"_bbp_reply_count_hidden":0,"_bbp_forum_subforum_count":0,"footnotes":""},"categories":[1,4],"tags":[136],"class_list":["post-1719","post","type-post","status-publish","format-standard","hentry","category-general","category-portada","tag-ajuntament-rubi"],"post_mailing_queue_ids":[],"_links":{"self":[{"href":"https:\/\/agora.xtec.cat\/cee-canoriol\/wp-json\/wp\/v2\/posts\/1719","targetHints":{"allow":["GET"]}}],"collection":[{"href":"https:\/\/agora.xtec.cat\/cee-canoriol\/wp-json\/wp\/v2\/posts"}],"about":[{"href":"https:\/\/agora.xtec.cat\/cee-canoriol\/wp-json\/wp\/v2\/types\/post"}],"author":[{"embeddable":true,"href":"https:\/\/agora.xtec.cat\/cee-canoriol\/wp-json\/wp\/v2\/users\/1"}],"replies":[{"embeddable":true,"href":"https:\/\/agora.xtec.cat\/cee-canoriol\/wp-json\/wp\/v2\/comments?post=1719"}],"version-history":[{"count":1,"href":"https:\/\/agora.xtec.cat\/cee-canoriol\/wp-json\/wp\/v2\/posts\/1719\/revisions"}],"predecessor-version":[{"id":1720,"href":"https:\/\/agora.xtec.cat\/cee-canoriol\/wp-json\/wp\/v2\/posts\/1719\/revisions\/1720"}],"wp:attachment":[{"href":"https:\/\/agora.xtec.cat\/cee-canoriol\/wp-json\/wp\/v2\/media?parent=1719"}],"wp:term":[{"taxonomy":"category","embeddable":true,"href":"https:\/\/agora.xtec.cat\/cee-canoriol\/wp-json\/wp\/v2\/categories?post=1719"},{"taxonomy":"post_tag","embeddable":true,"href":"https:\/\/agora.xtec.cat\/cee-canoriol\/wp-json\/wp\/v2\/tags?post=1719"}],"curies":[{"name":"wp","href":"https:\/\/api.w.org\/{rel}","templated":true}]}}