{"id":1696,"date":"2024-06-22T19:37:39","date_gmt":"2024-06-22T17:37:39","guid":{"rendered":"https:\/\/agora.xtec.cat\/cee-canoriol\/?p=1696"},"modified":"2024-06-22T19:38:41","modified_gmt":"2024-06-22T17:38:41","slug":"bon-estiu-2","status":"publish","type":"post","link":"https:\/\/agora.xtec.cat\/cee-canoriol\/general\/bon-estiu-2\/","title":{"rendered":"BON ESTIU!"},"content":{"rendered":"<p data-auto=\"1\" data-pm-slice=\"1 2 []\"><img loading=\"lazy\" decoding=\"async\" class=\"aligncenter wp-image-1697\" src=\"https:\/\/agora.xtec.cat\/cee-canoriol\/wp-content\/uploads\/usu1200\/2024\/06\/bon-estiu.jpg\" alt=\"\" width=\"500\" height=\"366\" srcset=\"https:\/\/agora.xtec.cat\/cee-canoriol\/wp-content\/uploads\/usu1200\/2024\/06\/bon-estiu.jpg 762w, https:\/\/agora.xtec.cat\/cee-canoriol\/wp-content\/uploads\/usu1200\/2024\/06\/bon-estiu-300x220.jpg 300w\" sizes=\"auto, (max-width: 500px) 100vw, 500px\" \/><\/p>\n<p data-auto=\"1\" data-pm-slice=\"1 2 []\">Benvolgudes fam\u00edlies,<\/p>\n<div>\n<p>Ahir va acabar el curs. Un curs que ha estat, com sempre, ple de moments \u00fanics i irrepetibles que guardarem per sempre al nostre cor.<\/p>\n<\/div>\n<p><span style=\"font-family: inherit; font-size: 1em;\">Aquesta \u00faltima setmana ha estat plena de grans emocions. Per una banda, molta alegria per mirar enrere i veure tot el que hem aconseguit plegats\/des de la m\u00e0 dels vostres fills\/es. I, per altra banda, tristor per la gent que deixa casa nostra: alumnes, fam\u00edlies i companys\/es.<\/span><\/p>\n<div>\n<p>Als alumnes i fam\u00edlies que deixen aquesta etapa de Ca n&#8217;Oriol, els desitgem que la vida els continu\u00ef regalant experi\u00e8ncies meravelloses i que puguin complir tots els seus somnis. No oblideu mai que l&#8217;escola ser\u00e0 sempre casa vostra i que si ens necessiteu nom\u00e9s cal que piqueu a la porta.<\/p>\n<\/div>\n<div>\n<p data-auto=\"1\">Ens acomiadem aquest curs desitjant-vos que passeu un estiu meravell\u00f3s, ple de bons moments i rodejats per totes les persones que estimeu.<\/p>\n<p data-auto=\"1\">Gaudiu de cada moment, de cada persona, de cada lloc. En definitiva, GAUDIU DE LA VIDA!<\/p>\n<p data-auto=\"1\">L&#8217;equip de Ca n&#8217;Oriol agafa un respir per carregar les piles i tornar al setembre amb la mateixa energia de sempre.<\/p>\n<p data-auto=\"1\">Us agra\u00efm la vostra confian\u00e7a en tot l&#8217;equip.<\/p>\n<p data-auto=\"1\">Ens tornem a veure al setembre.<\/p>\n<p data-auto=\"1\">Una forta abra\u00e7ada!<\/p>\n<p data-auto=\"1\"><span style=\"color: #99cc00;\"><strong>COMUNITAT EDUCATIVA CA N&#8217;ORIOL<\/strong><\/span><\/p>\n<\/div>\n<p data-auto=\"1\">\n","protected":false},"excerpt":{"rendered":"<p>Benvolgudes fam\u00edlies,<\/p>\n<p>Ahir va acabar el curs. Un curs que ha estat, com sempre, ple de moments \u00fanics i irrepetibles que guardarem per sempre al nostre cor.<\/p>\n<p>Aquesta \u00faltima setmana ha estat plena de grans emocions. Per una banda, molta alegria per mirar enrere i veure tot&hellip;  <a href=\"https:\/\/agora.xtec.cat\/cee-canoriol\/general\/bon-estiu-2\/\" title=\"Read BON ESTIU!\">Llegeix m\u00e9s\u00bb<\/a><\/p>\n","protected":false},"author":1,"featured_media":0,"comment_status":"open","ping_status":"closed","sticky":false,"template":"","format":"standard","meta":{"_bbp_topic_count":0,"_bbp_reply_count":0,"_bbp_total_topic_count":0,"_bbp_total_reply_count":0,"_bbp_voice_count":0,"_bbp_anonymous_reply_count":0,"_bbp_topic_count_hidden":0,"_bbp_reply_count_hidden":0,"_bbp_forum_subforum_count":0,"footnotes":""},"categories":[1,4],"tags":[112],"class_list":["post-1696","post","type-post","status-publish","format-standard","hentry","category-general","category-portada","tag-families"],"post_mailing_queue_ids":[],"_links":{"self":[{"href":"https:\/\/agora.xtec.cat\/cee-canoriol\/wp-json\/wp\/v2\/posts\/1696","targetHints":{"allow":["GET"]}}],"collection":[{"href":"https:\/\/agora.xtec.cat\/cee-canoriol\/wp-json\/wp\/v2\/posts"}],"about":[{"href":"https:\/\/agora.xtec.cat\/cee-canoriol\/wp-json\/wp\/v2\/types\/post"}],"author":[{"embeddable":true,"href":"https:\/\/agora.xtec.cat\/cee-canoriol\/wp-json\/wp\/v2\/users\/1"}],"replies":[{"embeddable":true,"href":"https:\/\/agora.xtec.cat\/cee-canoriol\/wp-json\/wp\/v2\/comments?post=1696"}],"version-history":[{"count":3,"href":"https:\/\/agora.xtec.cat\/cee-canoriol\/wp-json\/wp\/v2\/posts\/1696\/revisions"}],"predecessor-version":[{"id":1700,"href":"https:\/\/agora.xtec.cat\/cee-canoriol\/wp-json\/wp\/v2\/posts\/1696\/revisions\/1700"}],"wp:attachment":[{"href":"https:\/\/agora.xtec.cat\/cee-canoriol\/wp-json\/wp\/v2\/media?parent=1696"}],"wp:term":[{"taxonomy":"category","embeddable":true,"href":"https:\/\/agora.xtec.cat\/cee-canoriol\/wp-json\/wp\/v2\/categories?post=1696"},{"taxonomy":"post_tag","embeddable":true,"href":"https:\/\/agora.xtec.cat\/cee-canoriol\/wp-json\/wp\/v2\/tags?post=1696"}],"curies":[{"name":"wp","href":"https:\/\/api.w.org\/{rel}","templated":true}]}}