{"id":1664,"date":"2024-05-02T10:16:23","date_gmt":"2024-05-02T08:16:23","guid":{"rendered":"https:\/\/agora.xtec.cat\/cee-canoriol\/?p=1664"},"modified":"2024-05-02T10:16:23","modified_gmt":"2024-05-02T08:16:23","slug":"instal%c2%b7lacio-panells-solars","status":"publish","type":"post","link":"https:\/\/agora.xtec.cat\/cee-canoriol\/general\/instal%c2%b7lacio-panells-solars\/","title":{"rendered":"INSTAL\u00b7LACI\u00d3 PANELLS SOLARS"},"content":{"rendered":"<p>&nbsp;<\/p>\n<p>Al segon semestre d\u2019aquest any s\u2019iniciar\u00e0 la construcci\u00f3 de 20 instal\u00b7lacions fotovoltaiques en cobertes municipals. Una d\u2019aquestes instal\u00b7lacions s\u2019ubicar\u00e0 a la teulada de la nostra escola.<\/p>\n<p>Els panells solars s&#8217;ubicaran de la seg\u00fcent manera:<\/p>\n<p><img loading=\"lazy\" decoding=\"async\" class=\"aligncenter  wp-image-1665\" src=\"https:\/\/agora.xtec.cat\/cee-canoriol\/wp-content\/uploads\/usu1200\/2024\/05\/Sense-titol-300x269.png\" alt=\"\" width=\"433\" height=\"388\" srcset=\"https:\/\/agora.xtec.cat\/cee-canoriol\/wp-content\/uploads\/usu1200\/2024\/05\/Sense-titol-300x269.png 300w, https:\/\/agora.xtec.cat\/cee-canoriol\/wp-content\/uploads\/usu1200\/2024\/05\/Sense-titol.png 733w\" sizes=\"auto, (max-width: 433px) 100vw, 433px\" \/><\/p>\n<p>Aix\u00ed doncs, l&#8217;any 2025 la nostra escola consumir\u00e0 energia neta produ\u00efda al mateix centre.<\/p>\n<p>Ser\u00e0 el moment per celebrar i tornar a treballar conjuntament en un projecte 50\/50 2.0.<\/p>\n<p>\u00c9s una gran not\u00edcia!<\/p>\n<p>&nbsp;<\/p>\n<p><span style=\"color: #99cc00;\"><strong>COMUNITAT EDUCATIVA CA N&#8217;ORIOL<\/strong><\/span><\/p>\n","protected":false},"excerpt":{"rendered":"<p>&nbsp;<br \/>\nAl segon semestre d\u2019aquest any s\u2019iniciar\u00e0 la construcci\u00f3 de 20 instal\u00b7lacions fotovoltaiques en cobertes municipals. Una d\u2019aquestes instal\u00b7lacions s\u2019ubicar\u00e0 a la teulada de la nostra escola.<br \/>\nEls panells solars s&#8217;ubicaran de la seg\u00fcent manera:<\/p>\n<p>Aix\u00ed doncs, l&#8217;any 2025 la nostra escola consumir\u00e0 energia neta produ\u00efda al mateix&hellip;  <a href=\"https:\/\/agora.xtec.cat\/cee-canoriol\/general\/instal%c2%b7lacio-panells-solars\/\" title=\"Read INSTAL\u00b7LACI\u00d3 PANELLS SOLARS\">Llegeix m\u00e9s\u00bb<\/a><\/p>\n","protected":false},"author":1,"featured_media":0,"comment_status":"open","ping_status":"closed","sticky":false,"template":"","format":"standard","meta":{"_bbp_topic_count":0,"_bbp_reply_count":0,"_bbp_total_topic_count":0,"_bbp_total_reply_count":0,"_bbp_voice_count":0,"_bbp_anonymous_reply_count":0,"_bbp_topic_count_hidden":0,"_bbp_reply_count_hidden":0,"_bbp_forum_subforum_count":0,"footnotes":""},"categories":[1,4],"tags":[136],"class_list":["post-1664","post","type-post","status-publish","format-standard","hentry","category-general","category-portada","tag-ajuntament-rubi"],"post_mailing_queue_ids":[],"_links":{"self":[{"href":"https:\/\/agora.xtec.cat\/cee-canoriol\/wp-json\/wp\/v2\/posts\/1664","targetHints":{"allow":["GET"]}}],"collection":[{"href":"https:\/\/agora.xtec.cat\/cee-canoriol\/wp-json\/wp\/v2\/posts"}],"about":[{"href":"https:\/\/agora.xtec.cat\/cee-canoriol\/wp-json\/wp\/v2\/types\/post"}],"author":[{"embeddable":true,"href":"https:\/\/agora.xtec.cat\/cee-canoriol\/wp-json\/wp\/v2\/users\/1"}],"replies":[{"embeddable":true,"href":"https:\/\/agora.xtec.cat\/cee-canoriol\/wp-json\/wp\/v2\/comments?post=1664"}],"version-history":[{"count":1,"href":"https:\/\/agora.xtec.cat\/cee-canoriol\/wp-json\/wp\/v2\/posts\/1664\/revisions"}],"predecessor-version":[{"id":1666,"href":"https:\/\/agora.xtec.cat\/cee-canoriol\/wp-json\/wp\/v2\/posts\/1664\/revisions\/1666"}],"wp:attachment":[{"href":"https:\/\/agora.xtec.cat\/cee-canoriol\/wp-json\/wp\/v2\/media?parent=1664"}],"wp:term":[{"taxonomy":"category","embeddable":true,"href":"https:\/\/agora.xtec.cat\/cee-canoriol\/wp-json\/wp\/v2\/categories?post=1664"},{"taxonomy":"post_tag","embeddable":true,"href":"https:\/\/agora.xtec.cat\/cee-canoriol\/wp-json\/wp\/v2\/tags?post=1664"}],"curies":[{"name":"wp","href":"https:\/\/api.w.org\/{rel}","templated":true}]}}