{"id":1645,"date":"2024-04-11T19:08:10","date_gmt":"2024-04-11T17:08:10","guid":{"rendered":"https:\/\/agora.xtec.cat\/cee-canoriol\/?p=1645"},"modified":"2024-04-11T19:08:10","modified_gmt":"2024-04-11T17:08:10","slug":"xerrada-trastorns-de-la-conducta-alimentaria","status":"publish","type":"post","link":"https:\/\/agora.xtec.cat\/cee-canoriol\/general\/xerrada-trastorns-de-la-conducta-alimentaria\/","title":{"rendered":"XERRADA &#8220;TRASTORNS DE LA CONDUCTA ALIMENT\u00c0RIA&#8221;"},"content":{"rendered":"<p style=\"font-weight: 400;\">\n<p>El dilluns <strong>22 d&#8217;abril del 2024<\/strong>, a les <strong>18:30\u202fh<\/strong>, es portar\u00e0 a terme una XERRADA organitzada per l&#8217;Oficina d&#8217;Atenci\u00f3 a la Diversitat Funcional (<a href=\"https:\/\/www.rubi.cat\/es\/temas\/diversidad-funcional\/atencion-a-la-diversidad-funcional\/oficina-de-atencion-a-la-diversidad-funcional-oadf\">OADF<\/a>) de l&#8217;Ajuntament de Rub\u00ed.<\/p>\n<p>La xerrada est\u00e0 adre\u00e7ada a fam\u00edlies d&#8217;infants i adolescents amb discapacitat i es titula<\/p>\n<p><strong>&#8220;<a href=\"https:\/\/www.rubi.cat\/ca\/actualitat\/agenda\/el-meu-fill-a-sagrada-prevenim-els-trastorns-de-conducta-alimentaria-de-casa\/2024-04-22\">TRASTORNS DE LA CONDUCTA ALIMENT\u00c0RIA<\/a>&#8220;<\/strong><\/p>\n<p>Es far\u00e0 a l&#8217;auditori de <a href=\"https:\/\/www.rubi.cat\/es\/temas\/rubi-forma\">RUB\u00cd FORMA<\/a><\/p>\n<p style=\"font-weight: 400;\">Us fem arribar informaci\u00f3 sobre una xerrada organitzada per l&#8217;OADF, per si \u00e9s del vostre inter\u00e8s.<\/p>\n<p>&#8211;\u00a0<strong>Xerrada:\u00a0<\/strong>Trastorns de la Conducta Aliment\u00e0ria (TCA)<strong>,\u00a0<\/strong>adre\u00e7ada a fam\u00edlies d\u2019infants i adolescents<\/p>\n<p>&#8211;\u00a0<strong>Lloc:<\/strong>\u00a0<strong>\u00a0<\/strong>RUB\u00cd FORMA, Auditori<\/p>\n<p><strong>&#8211; Data:\u00a0<\/strong>22 d\u2019abril de 2024 a les 18:30\u202fh<\/p>\n<p>Cal inscripci\u00f3 pr\u00e8via a\u00a0<strong><a href=\"mailto:oadf@ajrubi.cat\">oadf@ajrubi.cat<\/a><\/strong><\/p>\n<p style=\"font-weight: 400;\">Us animem a participar!<\/p>\n<p>&nbsp;<\/p>\n<p style=\"font-weight: 400;\"><span style=\"color: #99cc00;\"><strong>COMUNITAT EDUCATIVA CA N&#8217;ORIOL<\/strong><\/span><\/p>\n","protected":false},"excerpt":{"rendered":"<p>El dilluns 22 d&#8217;abril del 2024, a les 18:30\u202fh, es portar\u00e0 a terme una XERRADA organitzada per l&#8217;Oficina d&#8217;Atenci\u00f3 a la Diversitat Funcional (<a href=\"https:\/\/www.rubi.cat\/es\/temas\/diversidad-funcional\/atencion-a-la-diversidad-funcional\/oficina-de-atencion-a-la-diversidad-funcional-oadf\">OADF<\/a>) de l&#8217;Ajuntament de Rub\u00ed.<br \/>\nLa xerrada est\u00e0 adre\u00e7ada a fam\u00edlies d&#8217;infants i adolescents amb discapacitat i es titula<br \/>\n&#8220;<a href=\"https:\/\/www.rubi.cat\/ca\/actualitat\/agenda\/el-meu-fill-a-sagrada-prevenim-els-trastorns-de-conducta-alimentaria-de-casa\/2024-04-22\">TRASTORNS DE LA&hellip;  <a href=\"https:\/\/agora.xtec.cat\/cee-canoriol\/general\/xerrada-trastorns-de-la-conducta-alimentaria\/\" title=\"Read XERRADA &#8220;TRASTORNS DE LA CONDUCTA ALIMENT\u00c0RIA&#8221;\">Llegeix m\u00e9s\u00bb<\/a><\/p>\n","protected":false},"author":1,"featured_media":0,"comment_status":"open","ping_status":"closed","sticky":false,"template":"","format":"standard","meta":{"_bbp_topic_count":0,"_bbp_reply_count":0,"_bbp_total_topic_count":0,"_bbp_total_reply_count":0,"_bbp_voice_count":0,"_bbp_anonymous_reply_count":0,"_bbp_topic_count_hidden":0,"_bbp_reply_count_hidden":0,"_bbp_forum_subforum_count":0,"footnotes":""},"categories":[7,118,1,4],"tags":[112,134],"class_list":["post-1645","post","type-post","status-publish","format-standard","hentry","category-ampa","category-escola-de-families","category-general","category-portada","tag-families","tag-oadf"],"post_mailing_queue_ids":[],"_links":{"self":[{"href":"https:\/\/agora.xtec.cat\/cee-canoriol\/wp-json\/wp\/v2\/posts\/1645","targetHints":{"allow":["GET"]}}],"collection":[{"href":"https:\/\/agora.xtec.cat\/cee-canoriol\/wp-json\/wp\/v2\/posts"}],"about":[{"href":"https:\/\/agora.xtec.cat\/cee-canoriol\/wp-json\/wp\/v2\/types\/post"}],"author":[{"embeddable":true,"href":"https:\/\/agora.xtec.cat\/cee-canoriol\/wp-json\/wp\/v2\/users\/1"}],"replies":[{"embeddable":true,"href":"https:\/\/agora.xtec.cat\/cee-canoriol\/wp-json\/wp\/v2\/comments?post=1645"}],"version-history":[{"count":1,"href":"https:\/\/agora.xtec.cat\/cee-canoriol\/wp-json\/wp\/v2\/posts\/1645\/revisions"}],"predecessor-version":[{"id":1646,"href":"https:\/\/agora.xtec.cat\/cee-canoriol\/wp-json\/wp\/v2\/posts\/1645\/revisions\/1646"}],"wp:attachment":[{"href":"https:\/\/agora.xtec.cat\/cee-canoriol\/wp-json\/wp\/v2\/media?parent=1645"}],"wp:term":[{"taxonomy":"category","embeddable":true,"href":"https:\/\/agora.xtec.cat\/cee-canoriol\/wp-json\/wp\/v2\/categories?post=1645"},{"taxonomy":"post_tag","embeddable":true,"href":"https:\/\/agora.xtec.cat\/cee-canoriol\/wp-json\/wp\/v2\/tags?post=1645"}],"curies":[{"name":"wp","href":"https:\/\/api.w.org\/{rel}","templated":true}]}}