{"id":1635,"date":"2024-03-01T18:15:11","date_gmt":"2024-03-01T17:15:11","guid":{"rendered":"https:\/\/agora.xtec.cat\/cee-canoriol\/?p=1635"},"modified":"2024-03-30T00:27:05","modified_gmt":"2024-03-29T23:27:05","slug":"donacio-associacio-autisme-palleja","status":"publish","type":"post","link":"https:\/\/agora.xtec.cat\/cee-canoriol\/general\/donacio-associacio-autisme-palleja\/","title":{"rendered":"DONACI\u00d3 ASSOCIACI\u00d3 AUTISME PALLEJ\u00c0"},"content":{"rendered":"<p>&nbsp;<\/p>\n<p>L&#8217;<strong>Associaci\u00f3 Autisme Pallej\u00e0<\/strong>, a la qual pertany la nostra companya Andrea, ens ha fet una donaci\u00f3 de diferents electrodom\u00e8stics per poder treballar amb el nostre alumnat l&#8217;elaboraci\u00f3 d&#8217;\u00e0pats senzills, que els puguin ajudar en el seu futur a ser m\u00e9s aut\u00f2noms en el seu dia a dia.<\/p>\n<p>&nbsp;<\/p>\n<p><img loading=\"lazy\" decoding=\"async\" class=\"aligncenter  wp-image-1636\" src=\"https:\/\/agora.xtec.cat\/cee-canoriol\/wp-content\/uploads\/usu1200\/2024\/03\/1707769090435-225x300.jpg\" alt=\"\" width=\"398\" height=\"531\" srcset=\"https:\/\/agora.xtec.cat\/cee-canoriol\/wp-content\/uploads\/usu1200\/2024\/03\/1707769090435-225x300.jpg 225w, https:\/\/agora.xtec.cat\/cee-canoriol\/wp-content\/uploads\/usu1200\/2024\/03\/1707769090435-768x1024.jpg 768w, https:\/\/agora.xtec.cat\/cee-canoriol\/wp-content\/uploads\/usu1200\/2024\/03\/1707769090435-1152x1536.jpg 1152w, https:\/\/agora.xtec.cat\/cee-canoriol\/wp-content\/uploads\/usu1200\/2024\/03\/1707769090435.jpg 1200w\" sizes=\"auto, (max-width: 398px) 100vw, 398px\" \/><\/p>\n<p>&nbsp;<\/p>\n<p>Us animem a consultar les diferents xarxes de l&#8217;Associaci\u00f3:<\/p>\n<p>INSTAGRAM &#8211; https:\/\/www.instagram.com\/autismepalleja\/<\/p>\n<p>FACEBOOK &#8211; https:\/\/www.facebook.com\/autismepalleja\/<\/p>\n<p>&nbsp;<\/p>\n<p>Volem donar les gr\u00e0cies, en nom dels\/les nostres alumnes, a qui ho ha fet possible. Ha sigut un GRAN REGAL!<\/p>\n<p>&nbsp;<\/p>\n<p><span style=\"color: #99cc00;\"><strong>COMUNITAT EDUCATIVA CA N&#8217;ORIOL<\/strong><\/span><\/p>\n<p>&nbsp;<\/p>\n<p>&nbsp;<\/p>\n<p>&nbsp;<\/p>\n<p>&nbsp;<\/p>\n<p>&nbsp;<\/p>\n","protected":false},"excerpt":{"rendered":"<p>&nbsp;<br \/>\nL&#8217;Associaci\u00f3 Autisme Pallej\u00e0, a la qual pertany la nostra companya Andrea, ens ha fet una donaci\u00f3 de diferents electrodom\u00e8stics per poder treballar amb el nostre alumnat l&#8217;elaboraci\u00f3 d&#8217;\u00e0pats senzills, que els puguin ajudar en el seu futur a ser m\u00e9s aut\u00f2noms en el seu dia&hellip;  <a href=\"https:\/\/agora.xtec.cat\/cee-canoriol\/general\/donacio-associacio-autisme-palleja\/\" title=\"Read DONACI\u00d3 ASSOCIACI\u00d3 AUTISME PALLEJ\u00c0\">Llegeix m\u00e9s\u00bb<\/a><\/p>\n","protected":false},"author":1,"featured_media":0,"comment_status":"open","ping_status":"closed","sticky":false,"template":"","format":"standard","meta":{"_bbp_topic_count":0,"_bbp_reply_count":0,"_bbp_total_topic_count":0,"_bbp_total_reply_count":0,"_bbp_voice_count":0,"_bbp_anonymous_reply_count":0,"_bbp_topic_count_hidden":0,"_bbp_reply_count_hidden":0,"_bbp_forum_subforum_count":0,"footnotes":""},"categories":[1,4],"tags":[],"class_list":["post-1635","post","type-post","status-publish","format-standard","hentry","category-general","category-portada"],"post_mailing_queue_ids":[],"_links":{"self":[{"href":"https:\/\/agora.xtec.cat\/cee-canoriol\/wp-json\/wp\/v2\/posts\/1635","targetHints":{"allow":["GET"]}}],"collection":[{"href":"https:\/\/agora.xtec.cat\/cee-canoriol\/wp-json\/wp\/v2\/posts"}],"about":[{"href":"https:\/\/agora.xtec.cat\/cee-canoriol\/wp-json\/wp\/v2\/types\/post"}],"author":[{"embeddable":true,"href":"https:\/\/agora.xtec.cat\/cee-canoriol\/wp-json\/wp\/v2\/users\/1"}],"replies":[{"embeddable":true,"href":"https:\/\/agora.xtec.cat\/cee-canoriol\/wp-json\/wp\/v2\/comments?post=1635"}],"version-history":[{"count":1,"href":"https:\/\/agora.xtec.cat\/cee-canoriol\/wp-json\/wp\/v2\/posts\/1635\/revisions"}],"predecessor-version":[{"id":1637,"href":"https:\/\/agora.xtec.cat\/cee-canoriol\/wp-json\/wp\/v2\/posts\/1635\/revisions\/1637"}],"wp:attachment":[{"href":"https:\/\/agora.xtec.cat\/cee-canoriol\/wp-json\/wp\/v2\/media?parent=1635"}],"wp:term":[{"taxonomy":"category","embeddable":true,"href":"https:\/\/agora.xtec.cat\/cee-canoriol\/wp-json\/wp\/v2\/categories?post=1635"},{"taxonomy":"post_tag","embeddable":true,"href":"https:\/\/agora.xtec.cat\/cee-canoriol\/wp-json\/wp\/v2\/tags?post=1635"}],"curies":[{"name":"wp","href":"https:\/\/api.w.org\/{rel}","templated":true}]}}