{"id":1594,"date":"2024-02-02T10:03:22","date_gmt":"2024-02-02T09:03:22","guid":{"rendered":"https:\/\/agora.xtec.cat\/cee-canoriol\/?p=1594"},"modified":"2024-02-04T22:26:26","modified_gmt":"2024-02-04T21:26:26","slug":"carnestoltes","status":"publish","type":"post","link":"https:\/\/agora.xtec.cat\/cee-canoriol\/general\/carnestoltes\/","title":{"rendered":"CARNESTOLTES!"},"content":{"rendered":"<p>&nbsp;<\/p>\n<p>&nbsp;<\/p>\n<p>La setmana del 5 al 9 de febrer celebrem carnestoltes!<\/p>\n<p>L&#8217;<strong>alumnat d&#8217;infantil i prim\u00e0ria de l&#8217;escola,<\/strong> des del dilluns fins al dijous, haur\u00e0 de seguir les consignes donades per la Reina Carnestoltes.<\/p>\n<p>Mireu!<\/p>\n<p>&nbsp;<\/p>\n<p><img loading=\"lazy\" decoding=\"async\" class=\"aligncenter wp-image-1596\" src=\"https:\/\/agora.xtec.cat\/cee-canoriol\/wp-content\/uploads\/usu1200\/2024\/02\/IMG-20240204-WA0007-205x300.jpg\" alt=\"\" width=\"525\" height=\"769\" srcset=\"https:\/\/agora.xtec.cat\/cee-canoriol\/wp-content\/uploads\/usu1200\/2024\/02\/IMG-20240204-WA0007-205x300.jpg 205w, https:\/\/agora.xtec.cat\/cee-canoriol\/wp-content\/uploads\/usu1200\/2024\/02\/IMG-20240204-WA0007.jpg 699w\" sizes=\"auto, (max-width: 525px) 100vw, 525px\" \/><\/p>\n<p>&nbsp;<\/p>\n<p>La setmana acabar\u00e0 amb la celebraci\u00f3 del dia de <strong>Carnestoltes<\/strong>, que es dur\u00e0 a terme el <strong>divendres 9 de febrer<\/strong>!<\/p>\n<p>Tota l&#8217;escola gaudir\u00e0 d&#8217;aquest dia i <strong>TOT L&#8217;ALUMNAT<\/strong> que vulgui podr\u00e0 venir disfressat.<\/p>\n<p>El tema de la disfressa \u00e9s lliure, per\u00f2 ser\u00e0 important evitar temes violents o sexistes, aix\u00ed com els complements que puguin resultar perillosos.<\/p>\n<p>Ser\u00e0 una setmana ben divertida!!!<\/p>\n<p>&nbsp;<\/p>\n<p><span style=\"color: #99cc00;\"><strong>COMUNITAT EDUCATIVA CA N&#8217;ORIOL<\/strong><\/span><\/p>\n<p>&nbsp;<\/p>\n<p>&nbsp;<\/p>\n","protected":false},"excerpt":{"rendered":"<p>&nbsp;<br \/>\n&nbsp;<br \/>\nLa setmana del 5 al 9 de febrer celebrem carnestoltes!<br \/>\nL&#8217;alumnat d&#8217;infantil i prim\u00e0ria de l&#8217;escola, des del dilluns fins al dijous, haur\u00e0 de seguir les consignes donades per la Reina Carnestoltes.<br \/>\nMireu!<br \/>\n&nbsp;<\/p>\n<p>&nbsp;<br \/>\nLa setmana acabar\u00e0 amb la celebraci\u00f3 del dia de Carnestoltes, que es dur\u00e0 a terme&hellip;  <a href=\"https:\/\/agora.xtec.cat\/cee-canoriol\/general\/carnestoltes\/\" title=\"Read CARNESTOLTES!\">Llegeix m\u00e9s\u00bb<\/a><\/p>\n","protected":false},"author":1,"featured_media":1602,"comment_status":"open","ping_status":"closed","sticky":false,"template":"","format":"standard","meta":{"_bbp_topic_count":0,"_bbp_reply_count":0,"_bbp_total_topic_count":0,"_bbp_total_reply_count":0,"_bbp_voice_count":0,"_bbp_anonymous_reply_count":0,"_bbp_topic_count_hidden":0,"_bbp_reply_count_hidden":0,"_bbp_forum_subforum_count":0,"footnotes":""},"categories":[3,8,1,4],"tags":[112,114],"class_list":["post-1594","post","type-post","status-publish","format-standard","has-post-thumbnail","hentry","category-infantil-i-primaria","category-secundaria","category-general","category-portada","tag-families","tag-festes-escola"],"post_mailing_queue_ids":[],"_links":{"self":[{"href":"https:\/\/agora.xtec.cat\/cee-canoriol\/wp-json\/wp\/v2\/posts\/1594","targetHints":{"allow":["GET"]}}],"collection":[{"href":"https:\/\/agora.xtec.cat\/cee-canoriol\/wp-json\/wp\/v2\/posts"}],"about":[{"href":"https:\/\/agora.xtec.cat\/cee-canoriol\/wp-json\/wp\/v2\/types\/post"}],"author":[{"embeddable":true,"href":"https:\/\/agora.xtec.cat\/cee-canoriol\/wp-json\/wp\/v2\/users\/1"}],"replies":[{"embeddable":true,"href":"https:\/\/agora.xtec.cat\/cee-canoriol\/wp-json\/wp\/v2\/comments?post=1594"}],"version-history":[{"count":6,"href":"https:\/\/agora.xtec.cat\/cee-canoriol\/wp-json\/wp\/v2\/posts\/1594\/revisions"}],"predecessor-version":[{"id":1601,"href":"https:\/\/agora.xtec.cat\/cee-canoriol\/wp-json\/wp\/v2\/posts\/1594\/revisions\/1601"}],"wp:featuredmedia":[{"embeddable":true,"href":"https:\/\/agora.xtec.cat\/cee-canoriol\/wp-json\/wp\/v2\/media\/1602"}],"wp:attachment":[{"href":"https:\/\/agora.xtec.cat\/cee-canoriol\/wp-json\/wp\/v2\/media?parent=1594"}],"wp:term":[{"taxonomy":"category","embeddable":true,"href":"https:\/\/agora.xtec.cat\/cee-canoriol\/wp-json\/wp\/v2\/categories?post=1594"},{"taxonomy":"post_tag","embeddable":true,"href":"https:\/\/agora.xtec.cat\/cee-canoriol\/wp-json\/wp\/v2\/tags?post=1594"}],"curies":[{"name":"wp","href":"https:\/\/api.w.org\/{rel}","templated":true}]}}