{"id":1544,"date":"2023-11-24T10:00:41","date_gmt":"2023-11-24T09:00:41","guid":{"rendered":"https:\/\/agora.xtec.cat\/cee-canoriol\/?p=1544"},"modified":"2023-11-19T14:59:50","modified_gmt":"2023-11-19T13:59:50","slug":"dia-internacional-de-les-persones-amb-diversitat-funcional","status":"publish","type":"post","link":"https:\/\/agora.xtec.cat\/cee-canoriol\/general\/dia-internacional-de-les-persones-amb-diversitat-funcional\/","title":{"rendered":"DIA INTERNACIONAL DE LES PERSONES AMB DIVERSITAT FUNCIONAL"},"content":{"rendered":"<div><\/div>\n<p>&nbsp;<\/p>\n<p>&nbsp;<\/p>\n<p style=\"text-align: justify;\">BENVOLGUDES FAM\u00cdLIES,<\/p>\n<p style=\"text-align: justify;\">RUB\u00cd APROFITAR\u00c0 UN ANY M\u00c9S EL <a href=\"https:\/\/www.rubi.cat\/ca\/actualitat\/noticies\/rubi-commemorara-el-dia-internacional-de-les-persones-amb-diversitat-funcional-del-28-de-novembre-al-3-de-desembre\">DIA INTERNACIONAL DE LES PERSONES AMB DIVERSITAT FUNCIONAL<\/a>, QUE ES COMMEMORA EL 3 DE DESEMBRE, PER REIVINDICAR ELS DRETS DE LA CIUTADANIA AMB DISCAPACITAT I LA NECESSITAT D&#8217;IMPLICAR A TOTHOM EN LA SEVA DEFENSA.<\/p>\n<p style=\"text-align: justify;\">AMB AQUEST OBJECTIU, L&#8217;OFICINA D&#8217;ATENCI\u00d3 A LA DIVERSITAT FUNCIONAL, HA ELABORAT UN <a href=\"https:\/\/www.rubi.cat\/fitxers\/documents-ok\/area-de-cohesio-social-i-serveis-a-les-persones\/diversitat-funcional\/programa-dia-internacional-de-les-persones-amb-diversitat-funcional-2023.pdf\">PROGRAMA D&#8217;ACTIVITATS<\/a>, EN COL\u00b7LABORACI\u00d3 AMB LES ENTITATS I SERVEIS DE L&#8217;\u00c0MBIT, QUE TINDR\u00c0 LLOC ENTRE EL 28 DE NOVEMBRE I EL 3 DE DESEMBRE.<\/p>\n<p style=\"text-align: justify;\">AQUEST ANY SE CELEBRAR\u00c0 SOBRE EL LEMA <strong>&#8220;ESCOLTEU-NOS! NOSALTRES TAMB\u00c9&#8230;&#8221;<\/strong>. COM A CENTRE HEM COL\u00b7LABORAT EN ELABORAR PART DEL MANIFEST.<\/p>\n<p>&nbsp;<\/p>\n<p>&nbsp;<\/p>\n<p><img loading=\"lazy\" decoding=\"async\" class=\"aligncenter wp-image-1555\" src=\"https:\/\/agora.xtec.cat\/cee-canoriol\/wp-content\/uploads\/usu1200\/2023\/11\/escuchar-cliente-600x321-1-300x161.png\" alt=\"\" width=\"451\" height=\"242\" srcset=\"https:\/\/agora.xtec.cat\/cee-canoriol\/wp-content\/uploads\/usu1200\/2023\/11\/escuchar-cliente-600x321-1-300x161.png 300w, https:\/\/agora.xtec.cat\/cee-canoriol\/wp-content\/uploads\/usu1200\/2023\/11\/escuchar-cliente-600x321-1.png 600w\" sizes=\"auto, (max-width: 451px) 100vw, 451px\" \/><\/p>\n<p>&nbsp;<\/p>\n<p><span style=\"color: #808000;\"><em>&#8220;<strong>ESCOLTEU-NOS!<\/strong> <strong>NOSALTRES TAMB\u00c9<\/strong> TENIM DRET A PODER SORTIR DEL CENTRE BEN PREPARATS I FORMATS PER ACCEDIR AL M\u00d3N LABORAL I, PER TANT, A TENIR UNES INSTAL\u00b7LACIONS DE QUALITAT QUE ENS PERMETIN PODER DUR A TERME TOTES LES ACTIVITATS QUE NECESSITEM AMB AQUEST FI. A M\u00c9S, TAMB\u00c9 TENIM DRET A FER ACTIVITAT F\u00cdSICA DE QUALITAT I DISPOSAR D&#8217;UN GIMN\u00c0S A L&#8217;ESCOLA&#8221;<\/em><\/span><\/p>\n<p>&nbsp;<\/p>\n<p>US ANIMEM A PARTICIPAR-HI!<\/p>\n<p>&nbsp;<\/p>\n<p>&nbsp;<\/p>\n<p><span style=\"color: #99cc00;\"><strong>COMUNITAT EDUCATIVA CEE CA N&#8217;ORIOL<\/strong><\/span><\/p>\n<div><\/div>\n<div><\/div>\n<div><\/div>\n<div><\/div>\n<div><\/div>\n<div><\/div>\n<div><\/div>\n<div><\/div>\n<div><\/div>\n<div><\/div>\n<div><\/div>\n","protected":false},"excerpt":{"rendered":"<p>&nbsp;<br \/>\n&nbsp;<br \/>\nBENVOLGUDES FAM\u00cdLIES,<br \/>\nRUB\u00cd APROFITAR\u00c0 UN ANY M\u00c9S EL <a href=\"https:\/\/www.rubi.cat\/ca\/actualitat\/noticies\/rubi-commemorara-el-dia-internacional-de-les-persones-amb-diversitat-funcional-del-28-de-novembre-al-3-de-desembre\">DIA INTERNACIONAL DE LES PERSONES AMB DIVERSITAT FUNCIONAL<\/a>, QUE ES COMMEMORA EL 3 DE DESEMBRE, PER REIVINDICAR ELS DRETS DE LA CIUTADANIA AMB DISCAPACITAT I LA NECESSITAT D&#8217;IMPLICAR A TOTHOM EN LA SEVA DEFENSA.<br \/>\nAMB AQUEST OBJECTIU, L&#8217;OFICINA&hellip;  <a href=\"https:\/\/agora.xtec.cat\/cee-canoriol\/general\/dia-internacional-de-les-persones-amb-diversitat-funcional\/\" title=\"Read DIA INTERNACIONAL DE LES PERSONES AMB DIVERSITAT FUNCIONAL\">Llegeix m\u00e9s\u00bb<\/a><\/p>\n","protected":false},"author":1,"featured_media":0,"comment_status":"open","ping_status":"closed","sticky":false,"template":"","format":"standard","meta":{"_bbp_topic_count":0,"_bbp_reply_count":0,"_bbp_total_topic_count":0,"_bbp_total_reply_count":0,"_bbp_voice_count":0,"_bbp_anonymous_reply_count":0,"_bbp_topic_count_hidden":0,"_bbp_reply_count_hidden":0,"_bbp_forum_subforum_count":0,"footnotes":""},"categories":[1,4],"tags":[120,112],"class_list":["post-1544","post","type-post","status-publish","format-standard","hentry","category-general","category-portada","tag-diversitat-funcional","tag-families"],"post_mailing_queue_ids":[],"_links":{"self":[{"href":"https:\/\/agora.xtec.cat\/cee-canoriol\/wp-json\/wp\/v2\/posts\/1544","targetHints":{"allow":["GET"]}}],"collection":[{"href":"https:\/\/agora.xtec.cat\/cee-canoriol\/wp-json\/wp\/v2\/posts"}],"about":[{"href":"https:\/\/agora.xtec.cat\/cee-canoriol\/wp-json\/wp\/v2\/types\/post"}],"author":[{"embeddable":true,"href":"https:\/\/agora.xtec.cat\/cee-canoriol\/wp-json\/wp\/v2\/users\/1"}],"replies":[{"embeddable":true,"href":"https:\/\/agora.xtec.cat\/cee-canoriol\/wp-json\/wp\/v2\/comments?post=1544"}],"version-history":[{"count":5,"href":"https:\/\/agora.xtec.cat\/cee-canoriol\/wp-json\/wp\/v2\/posts\/1544\/revisions"}],"predecessor-version":[{"id":1565,"href":"https:\/\/agora.xtec.cat\/cee-canoriol\/wp-json\/wp\/v2\/posts\/1544\/revisions\/1565"}],"wp:attachment":[{"href":"https:\/\/agora.xtec.cat\/cee-canoriol\/wp-json\/wp\/v2\/media?parent=1544"}],"wp:term":[{"taxonomy":"category","embeddable":true,"href":"https:\/\/agora.xtec.cat\/cee-canoriol\/wp-json\/wp\/v2\/categories?post=1544"},{"taxonomy":"post_tag","embeddable":true,"href":"https:\/\/agora.xtec.cat\/cee-canoriol\/wp-json\/wp\/v2\/tags?post=1544"}],"curies":[{"name":"wp","href":"https:\/\/api.w.org\/{rel}","templated":true}]}}