{"id":1525,"date":"2023-10-19T23:40:00","date_gmt":"2023-10-19T21:40:00","guid":{"rendered":"https:\/\/agora.xtec.cat\/cee-canoriol\/?p=1525"},"modified":"2023-10-19T23:40:00","modified_gmt":"2023-10-19T21:40:00","slug":"castanyada-al-barri-de-ca-noriol","status":"publish","type":"post","link":"https:\/\/agora.xtec.cat\/cee-canoriol\/infantil-i-primaria\/castanyada-al-barri-de-ca-noriol\/","title":{"rendered":"CASTANYADA AL BARRI DE CA N&#8217;ORIOL"},"content":{"rendered":"<p>&nbsp;<\/p>\n<p>L&#8217;associaci\u00f3 de ve\u00efns de Ca n&#8217;Oriol, amb la col\u00b7laboraci\u00f3 de les diferents entitats del barri, ha organitzat una tarda plena d&#8217;activitats per celebrar la castanyada.<\/p>\n<p>Aquesta celebraci\u00f3 de festa es far\u00e0 el pr\u00f2xim dimecres 25 d&#8217;octubre, a partir de les 17 h a la pla\u00e7a de Ca n&#8217;Oriol.<\/p>\n<p>&nbsp;<\/p>\n<p><img loading=\"lazy\" decoding=\"async\" class=\"aligncenter wp-image-1523 size-large\" src=\"https:\/\/agora.xtec.cat\/cee-canoriol\/wp-content\/uploads\/usu1200\/2023\/10\/IMG-20231017-WA0008-576x1024.jpg\" alt=\"\" width=\"576\" height=\"1024\" srcset=\"https:\/\/agora.xtec.cat\/cee-canoriol\/wp-content\/uploads\/usu1200\/2023\/10\/IMG-20231017-WA0008-576x1024.jpg 576w, https:\/\/agora.xtec.cat\/cee-canoriol\/wp-content\/uploads\/usu1200\/2023\/10\/IMG-20231017-WA0008-169x300.jpg 169w, https:\/\/agora.xtec.cat\/cee-canoriol\/wp-content\/uploads\/usu1200\/2023\/10\/IMG-20231017-WA0008-768x1365.jpg 768w, https:\/\/agora.xtec.cat\/cee-canoriol\/wp-content\/uploads\/usu1200\/2023\/10\/IMG-20231017-WA0008-864x1536.jpg 864w, https:\/\/agora.xtec.cat\/cee-canoriol\/wp-content\/uploads\/usu1200\/2023\/10\/IMG-20231017-WA0008.jpg 1125w\" sizes=\"auto, (max-width: 576px) 100vw, 576px\" \/><\/p>\n<p>&nbsp;<\/p>\n<p>Esteu tots convidats!<\/p>\n<p>&nbsp;<\/p>\n<p><span style=\"color: #99cc00;\"><strong>COMUNITAT EDUCATIVA DE CA N&#8217;ORIOL<\/strong><\/span><\/p>\n<p>&nbsp;<\/p>\n<p>&nbsp;<\/p>\n<div dir=\"auto\"><\/div>\n","protected":false},"excerpt":{"rendered":"<p>&nbsp;<br \/>\nL&#8217;associaci\u00f3 de ve\u00efns de Ca n&#8217;Oriol, amb la col\u00b7laboraci\u00f3 de les diferents entitats del barri, ha organitzat una tarda plena d&#8217;activitats per celebrar la castanyada.<br \/>\nAquesta celebraci\u00f3 de festa es far\u00e0 el pr\u00f2xim dimecres 25 d&#8217;octubre, a partir de les 17 h a la pla\u00e7a de&hellip;  <a href=\"https:\/\/agora.xtec.cat\/cee-canoriol\/infantil-i-primaria\/castanyada-al-barri-de-ca-noriol\/\" title=\"Read CASTANYADA AL BARRI DE CA N&#8217;ORIOL\">Llegeix m\u00e9s\u00bb<\/a><\/p>\n","protected":false},"author":1,"featured_media":0,"comment_status":"open","ping_status":"closed","sticky":false,"template":"","format":"standard","meta":{"_bbp_topic_count":0,"_bbp_reply_count":0,"_bbp_total_topic_count":0,"_bbp_total_reply_count":0,"_bbp_voice_count":0,"_bbp_anonymous_reply_count":0,"_bbp_topic_count_hidden":0,"_bbp_reply_count_hidden":0,"_bbp_forum_subforum_count":0,"footnotes":""},"categories":[3,8,4],"tags":[127],"class_list":["post-1525","post","type-post","status-publish","format-standard","hentry","category-infantil-i-primaria","category-secundaria","category-portada","tag-aavv-ca-noriol"],"post_mailing_queue_ids":[],"_links":{"self":[{"href":"https:\/\/agora.xtec.cat\/cee-canoriol\/wp-json\/wp\/v2\/posts\/1525","targetHints":{"allow":["GET"]}}],"collection":[{"href":"https:\/\/agora.xtec.cat\/cee-canoriol\/wp-json\/wp\/v2\/posts"}],"about":[{"href":"https:\/\/agora.xtec.cat\/cee-canoriol\/wp-json\/wp\/v2\/types\/post"}],"author":[{"embeddable":true,"href":"https:\/\/agora.xtec.cat\/cee-canoriol\/wp-json\/wp\/v2\/users\/1"}],"replies":[{"embeddable":true,"href":"https:\/\/agora.xtec.cat\/cee-canoriol\/wp-json\/wp\/v2\/comments?post=1525"}],"version-history":[{"count":1,"href":"https:\/\/agora.xtec.cat\/cee-canoriol\/wp-json\/wp\/v2\/posts\/1525\/revisions"}],"predecessor-version":[{"id":1527,"href":"https:\/\/agora.xtec.cat\/cee-canoriol\/wp-json\/wp\/v2\/posts\/1525\/revisions\/1527"}],"wp:attachment":[{"href":"https:\/\/agora.xtec.cat\/cee-canoriol\/wp-json\/wp\/v2\/media?parent=1525"}],"wp:term":[{"taxonomy":"category","embeddable":true,"href":"https:\/\/agora.xtec.cat\/cee-canoriol\/wp-json\/wp\/v2\/categories?post=1525"},{"taxonomy":"post_tag","embeddable":true,"href":"https:\/\/agora.xtec.cat\/cee-canoriol\/wp-json\/wp\/v2\/tags?post=1525"}],"curies":[{"name":"wp","href":"https:\/\/api.w.org\/{rel}","templated":true}]}}