{"id":1519,"date":"2023-10-08T13:35:27","date_gmt":"2023-10-08T11:35:27","guid":{"rendered":"https:\/\/agora.xtec.cat\/cee-canoriol\/?p=1519"},"modified":"2023-10-08T13:37:02","modified_gmt":"2023-10-08T11:37:02","slug":"xerrada-per-a-families","status":"publish","type":"post","link":"https:\/\/agora.xtec.cat\/cee-canoriol\/general\/xerrada-per-a-families\/","title":{"rendered":"XERRADA PER A FAM\u00cdLIES"},"content":{"rendered":"<p>&nbsp;<\/p>\n<p>Us recordem que el pr\u00f2xim <span style=\"text-decoration: underline;\"><em><strong>DIMARTS 10 D&#8217;OCTUBRE DEL 2023<\/strong><\/em><\/span> hi ha una xerrada gratu\u00efta a la Biblioteca Mestre Mart\u00ed Tauler, organitzada per l&#8217;Oficina d&#8217;Atenci\u00f3 a la Diversitat Funcional:<\/p>\n<p>&nbsp;<\/p>\n<h5><strong> &#8220;LES RELACIONS SEXOAFECTIVES DELS INFANTS I ADOLESCENTS AMB DIVERSITAT FUNCIONAL&#8221;<\/strong><\/h5>\n<p>&nbsp;<\/p>\n<p>Cal <em><strong>inscripci\u00f3 pr\u00e8via<\/strong><strong>\u00a0<\/strong><\/em>enviant un correu a\u00a0<em><a class=\"text-right\" href=\"mailto:oadf@ajrubi.cat\">oadf<span class=\"\">@a<\/span>jrubi.cat<\/a><\/em><\/p>\n<p>Us deixem l&#8217;enlla\u00e7 on trobareu la informaci\u00f3 m\u00e9s concreta:<\/p>\n<p><a href=\"https:\/\/www.rubi.cat\/ca\/actualitat\/agenda\/les-relacions-sexoafectives-dels-infants-i-adolescents-amb-diversitat-funcional\">https:\/\/www.rubi.cat\/ca\/actualitat\/agenda\/les-relacions-sexoafectives-dels-infants-i-adolescents-amb-diversitat-funcional<\/a><\/p>\n<p>&nbsp;<\/p>\n<p>Animeu-vos!<\/p>\n<p>&nbsp;<\/p>\n<p><span style=\"color: #99cc00;\"><strong>COMUNITAT EDUCATIVA DE CA N&#8217;ORIOL<\/strong><\/span><\/p>\n","protected":false},"excerpt":{"rendered":"<p>&nbsp;<br \/>\nUs recordem que el pr\u00f2xim DIMARTS 10 D&#8217;OCTUBRE DEL 2023 hi ha una xerrada gratu\u00efta a la Biblioteca Mestre Mart\u00ed Tauler, organitzada per l&#8217;Oficina d&#8217;Atenci\u00f3 a la Diversitat Funcional:<br \/>\n&nbsp;<br \/>\n &#8220;LES RELACIONS SEXOAFECTIVES DELS INFANTS I ADOLESCENTS AMB DIVERSITAT FUNCIONAL&#8221;<br \/>\n&nbsp;<br \/>\nCal inscripci\u00f3 pr\u00e8via\u00a0enviant un correu a\u00a0<a class=\"text-right\"&hellip;  <a href=\"https:\/\/agora.xtec.cat\/cee-canoriol\/general\/xerrada-per-a-families\/\" title=\"Read XERRADA PER A FAM\u00cdLIES\">Llegeix m\u00e9s\u00bb<\/a><\/p>\n","protected":false},"author":1,"featured_media":0,"comment_status":"open","ping_status":"closed","sticky":false,"template":"","format":"standard","meta":{"_bbp_topic_count":0,"_bbp_reply_count":0,"_bbp_total_topic_count":0,"_bbp_total_reply_count":0,"_bbp_voice_count":0,"_bbp_anonymous_reply_count":0,"_bbp_topic_count_hidden":0,"_bbp_reply_count_hidden":0,"_bbp_forum_subforum_count":0,"footnotes":""},"categories":[118,3,8,1,4],"tags":[120,121,112],"class_list":["post-1519","post","type-post","status-publish","format-standard","hentry","category-escola-de-families","category-infantil-i-primaria","category-secundaria","category-general","category-portada","tag-diversitat-funcional","tag-educacio-afectivo-sexual","tag-families"],"post_mailing_queue_ids":[],"_links":{"self":[{"href":"https:\/\/agora.xtec.cat\/cee-canoriol\/wp-json\/wp\/v2\/posts\/1519","targetHints":{"allow":["GET"]}}],"collection":[{"href":"https:\/\/agora.xtec.cat\/cee-canoriol\/wp-json\/wp\/v2\/posts"}],"about":[{"href":"https:\/\/agora.xtec.cat\/cee-canoriol\/wp-json\/wp\/v2\/types\/post"}],"author":[{"embeddable":true,"href":"https:\/\/agora.xtec.cat\/cee-canoriol\/wp-json\/wp\/v2\/users\/1"}],"replies":[{"embeddable":true,"href":"https:\/\/agora.xtec.cat\/cee-canoriol\/wp-json\/wp\/v2\/comments?post=1519"}],"version-history":[{"count":2,"href":"https:\/\/agora.xtec.cat\/cee-canoriol\/wp-json\/wp\/v2\/posts\/1519\/revisions"}],"predecessor-version":[{"id":1521,"href":"https:\/\/agora.xtec.cat\/cee-canoriol\/wp-json\/wp\/v2\/posts\/1519\/revisions\/1521"}],"wp:attachment":[{"href":"https:\/\/agora.xtec.cat\/cee-canoriol\/wp-json\/wp\/v2\/media?parent=1519"}],"wp:term":[{"taxonomy":"category","embeddable":true,"href":"https:\/\/agora.xtec.cat\/cee-canoriol\/wp-json\/wp\/v2\/categories?post=1519"},{"taxonomy":"post_tag","embeddable":true,"href":"https:\/\/agora.xtec.cat\/cee-canoriol\/wp-json\/wp\/v2\/tags?post=1519"}],"curies":[{"name":"wp","href":"https:\/\/api.w.org\/{rel}","templated":true}]}}