{"id":1287,"date":"2023-06-14T22:28:07","date_gmt":"2023-06-14T20:28:07","guid":{"rendered":"https:\/\/agora.xtec.cat\/cee-canoriol\/?p=1287"},"modified":"2023-06-14T22:28:07","modified_gmt":"2023-06-14T20:28:07","slug":"festa-descola-experimentem-junts","status":"publish","type":"post","link":"https:\/\/agora.xtec.cat\/cee-canoriol\/general\/festa-descola-experimentem-junts\/","title":{"rendered":"FESTA D&#8217;ESCOLA &#8220;EXPERIMENTEM JUNTS!&#8221;"},"content":{"rendered":"<p><img loading=\"lazy\" decoding=\"async\" class=\"aligncenter  wp-image-1289\" src=\"https:\/\/agora.xtec.cat\/cee-canoriol\/wp-content\/uploads\/usu1200\/2023\/06\/Sense-titol.jpg\" alt=\"\" width=\"298\" height=\"423\" srcset=\"https:\/\/agora.xtec.cat\/cee-canoriol\/wp-content\/uploads\/usu1200\/2023\/06\/Sense-titol.jpg 575w, https:\/\/agora.xtec.cat\/cee-canoriol\/wp-content\/uploads\/usu1200\/2023\/06\/Sense-titol-211x300.jpg 211w\" sizes=\"auto, (max-width: 298px) 100vw, 298px\" \/><\/p>\n<p>Aquest divendres, 16 de juny del 2023, fem la festa d&#8217;escola oberta a fam\u00edlies.<\/p>\n<p>\u00c9s una festa organitzada en col\u00b7laboraci\u00f3 amb l&#8217;AMPA de l&#8217;escola i on estan convidades totes les fam\u00edlies del centre.<\/p>\n<p>Aquesta festa es pot dur a terme gr\u00e0cies a la gran comissi\u00f3 des festes que tenim al centre. Ells\/es s\u00f3n els que han fet possible que tothom visqui aquest moment \u00fanic. Per aquest motiu, els hi volem agrair la seva implicaci\u00f3 i dedicaci\u00f3 durant tot el curs!<\/p>\n<p>Per poder consultar la informaci\u00f3 m\u00e9s concreta de la festa podeu clicar el seg\u00fcent enlla\u00e7:<\/p>\n<p><a href=\"https:\/\/agora.xtec.cat\/cee-canoriol\/wp-content\/uploads\/usu1200\/2023\/06\/FESTA_FAMILIES_22_23.pdf\">FESTA_FAMILIES_22_23<\/a><\/p>\n<p>Esperem que puguem gaudir plegats d&#8217;aquest dia tan especial per a nosaltres!<\/p>\n<p>&nbsp;<\/p>\n<p><span style=\"color: #99cc00;\"><strong>COMUNITAT EDUCATIVA DE CA N&#8217;ORIOL<\/strong><\/span><\/p>\n","protected":false},"excerpt":{"rendered":"<p>Aquest divendres, 16 de juny del 2023, fem la festa d&#8217;escola oberta a fam\u00edlies.<br \/>\n\u00c9s una festa organitzada en col\u00b7laboraci\u00f3 amb l&#8217;AMPA de l&#8217;escola i on estan convidades totes les fam\u00edlies del centre.<br \/>\nAquesta festa es pot dur a terme gr\u00e0cies a la gran comissi\u00f3 des festes&hellip;  <a href=\"https:\/\/agora.xtec.cat\/cee-canoriol\/general\/festa-descola-experimentem-junts\/\" title=\"Read FESTA D&#8217;ESCOLA &#8220;EXPERIMENTEM JUNTS!&#8221;\">Llegeix m\u00e9s\u00bb<\/a><\/p>\n","protected":false},"author":1,"featured_media":1289,"comment_status":"open","ping_status":"closed","sticky":false,"template":"","format":"standard","meta":{"_bbp_topic_count":0,"_bbp_reply_count":0,"_bbp_total_topic_count":0,"_bbp_total_reply_count":0,"_bbp_voice_count":0,"_bbp_anonymous_reply_count":0,"_bbp_topic_count_hidden":0,"_bbp_reply_count_hidden":0,"_bbp_forum_subforum_count":0,"footnotes":""},"categories":[7,3,8,1,4],"tags":[112,114],"class_list":["post-1287","post","type-post","status-publish","format-standard","has-post-thumbnail","hentry","category-ampa","category-infantil-i-primaria","category-secundaria","category-general","category-portada","tag-families","tag-festes-escola"],"post_mailing_queue_ids":[],"_links":{"self":[{"href":"https:\/\/agora.xtec.cat\/cee-canoriol\/wp-json\/wp\/v2\/posts\/1287","targetHints":{"allow":["GET"]}}],"collection":[{"href":"https:\/\/agora.xtec.cat\/cee-canoriol\/wp-json\/wp\/v2\/posts"}],"about":[{"href":"https:\/\/agora.xtec.cat\/cee-canoriol\/wp-json\/wp\/v2\/types\/post"}],"author":[{"embeddable":true,"href":"https:\/\/agora.xtec.cat\/cee-canoriol\/wp-json\/wp\/v2\/users\/1"}],"replies":[{"embeddable":true,"href":"https:\/\/agora.xtec.cat\/cee-canoriol\/wp-json\/wp\/v2\/comments?post=1287"}],"version-history":[{"count":2,"href":"https:\/\/agora.xtec.cat\/cee-canoriol\/wp-json\/wp\/v2\/posts\/1287\/revisions"}],"predecessor-version":[{"id":1291,"href":"https:\/\/agora.xtec.cat\/cee-canoriol\/wp-json\/wp\/v2\/posts\/1287\/revisions\/1291"}],"wp:featuredmedia":[{"embeddable":true,"href":"https:\/\/agora.xtec.cat\/cee-canoriol\/wp-json\/wp\/v2\/media\/1289"}],"wp:attachment":[{"href":"https:\/\/agora.xtec.cat\/cee-canoriol\/wp-json\/wp\/v2\/media?parent=1287"}],"wp:term":[{"taxonomy":"category","embeddable":true,"href":"https:\/\/agora.xtec.cat\/cee-canoriol\/wp-json\/wp\/v2\/categories?post=1287"},{"taxonomy":"post_tag","embeddable":true,"href":"https:\/\/agora.xtec.cat\/cee-canoriol\/wp-json\/wp\/v2\/tags?post=1287"}],"curies":[{"name":"wp","href":"https:\/\/api.w.org\/{rel}","templated":true}]}}