{"id":1283,"date":"2023-06-14T22:13:35","date_gmt":"2023-06-14T20:13:35","guid":{"rendered":"https:\/\/agora.xtec.cat\/cee-canoriol\/?p=1283"},"modified":"2023-06-14T22:14:00","modified_gmt":"2023-06-14T20:14:00","slug":"acte-de-graduacio","status":"publish","type":"post","link":"https:\/\/agora.xtec.cat\/cee-canoriol\/general\/acte-de-graduacio\/","title":{"rendered":"ACTE DE GRADUACI\u00d3"},"content":{"rendered":"<p>&nbsp;<\/p>\n<p>Dem\u00e0, dijous 15 de juny del 2023, celebrem a escola un dels moments m\u00e9s especials per a nosaltres, l&#8217;acte de graduaci\u00f3 i comiat d&#8217;aquells alumnes que el curs vinent no hi seran amb nosaltres.<\/p>\n<p><img loading=\"lazy\" decoding=\"async\" class=\"aligncenter wp-image-1284\" src=\"https:\/\/agora.xtec.cat\/cee-canoriol\/wp-content\/uploads\/usu1200\/2023\/06\/birret-de-graduacio-collegi-556560.png\" alt=\"\" width=\"215\" height=\"168\" srcset=\"https:\/\/agora.xtec.cat\/cee-canoriol\/wp-content\/uploads\/usu1200\/2023\/06\/birret-de-graduacio-collegi-556560.png 600w, https:\/\/agora.xtec.cat\/cee-canoriol\/wp-content\/uploads\/usu1200\/2023\/06\/birret-de-graduacio-collegi-556560-300x235.png 300w\" sizes=\"auto, (max-width: 215px) 100vw, 215px\" \/><\/p>\n<p>A aquest acte estan convidats\/des aquelles persones de l&#8217;entorn proper dels\/les nostres alumnes que s\u00f3n importants per a ells\/es i ens poden acompanyar en aquest moment tan important i especial.<\/p>\n<p>Nois i noies, dem\u00e0 ser\u00e0 un gran dia per a tots\/es nosaltres!<\/p>\n<p>&nbsp;<\/p>\n<p><span style=\"color: #99cc00;\"><strong>COMUNITAT EDUCATIVA DE CA N&#8217;ORIOL<\/strong><\/span><\/p>\n<p>&nbsp;<\/p>\n<p>&nbsp;<\/p>\n","protected":false},"excerpt":{"rendered":"<p>&nbsp;<br \/>\nDem\u00e0, dijous 15 de juny del 2023, celebrem a escola un dels moments m\u00e9s especials per a nosaltres, l&#8217;acte de graduaci\u00f3 i comiat d&#8217;aquells alumnes que el curs vinent no hi seran amb nosaltres.<\/p>\n<p>A aquest acte estan convidats\/des aquelles persones de l&#8217;entorn proper dels\/les nostres&hellip;  <a href=\"https:\/\/agora.xtec.cat\/cee-canoriol\/general\/acte-de-graduacio\/\" title=\"Read ACTE DE GRADUACI\u00d3\">Llegeix m\u00e9s\u00bb<\/a><\/p>\n","protected":false},"author":1,"featured_media":0,"comment_status":"open","ping_status":"closed","sticky":false,"template":"","format":"standard","meta":{"_bbp_topic_count":0,"_bbp_reply_count":0,"_bbp_total_topic_count":0,"_bbp_total_reply_count":0,"_bbp_voice_count":0,"_bbp_anonymous_reply_count":0,"_bbp_topic_count_hidden":0,"_bbp_reply_count_hidden":0,"_bbp_forum_subforum_count":0,"footnotes":""},"categories":[3,8,1,4],"tags":[117,112],"class_list":["post-1283","post","type-post","status-publish","format-standard","hentry","category-infantil-i-primaria","category-secundaria","category-general","category-portada","tag-activitats-escola","tag-families"],"post_mailing_queue_ids":[],"_links":{"self":[{"href":"https:\/\/agora.xtec.cat\/cee-canoriol\/wp-json\/wp\/v2\/posts\/1283","targetHints":{"allow":["GET"]}}],"collection":[{"href":"https:\/\/agora.xtec.cat\/cee-canoriol\/wp-json\/wp\/v2\/posts"}],"about":[{"href":"https:\/\/agora.xtec.cat\/cee-canoriol\/wp-json\/wp\/v2\/types\/post"}],"author":[{"embeddable":true,"href":"https:\/\/agora.xtec.cat\/cee-canoriol\/wp-json\/wp\/v2\/users\/1"}],"replies":[{"embeddable":true,"href":"https:\/\/agora.xtec.cat\/cee-canoriol\/wp-json\/wp\/v2\/comments?post=1283"}],"version-history":[{"count":2,"href":"https:\/\/agora.xtec.cat\/cee-canoriol\/wp-json\/wp\/v2\/posts\/1283\/revisions"}],"predecessor-version":[{"id":1286,"href":"https:\/\/agora.xtec.cat\/cee-canoriol\/wp-json\/wp\/v2\/posts\/1283\/revisions\/1286"}],"wp:attachment":[{"href":"https:\/\/agora.xtec.cat\/cee-canoriol\/wp-json\/wp\/v2\/media?parent=1283"}],"wp:term":[{"taxonomy":"category","embeddable":true,"href":"https:\/\/agora.xtec.cat\/cee-canoriol\/wp-json\/wp\/v2\/categories?post=1283"},{"taxonomy":"post_tag","embeddable":true,"href":"https:\/\/agora.xtec.cat\/cee-canoriol\/wp-json\/wp\/v2\/tags?post=1283"}],"curies":[{"name":"wp","href":"https:\/\/api.w.org\/{rel}","templated":true}]}}