{"id":1281,"date":"2023-05-05T23:57:57","date_gmt":"2023-05-05T21:57:57","guid":{"rendered":"https:\/\/agora.xtec.cat\/cee-canoriol\/?p=1281"},"modified":"2023-05-05T23:57:57","modified_gmt":"2023-05-05T21:57:57","slug":"convocatoria-ajuts-menjador-curs-2023-2024","status":"publish","type":"post","link":"https:\/\/agora.xtec.cat\/cee-canoriol\/general\/convocatoria-ajuts-menjador-curs-2023-2024\/","title":{"rendered":"CONVOCAT\u00d2RIA AJUTS MENJADOR CURS 2023\/2024"},"content":{"rendered":"<p style=\"font-weight: 400;\">Est\u00e0 oberta la convocat\u00f2ria d\u2019Ajuts de Menjador Escolar per al proper curs 2023\/2024.<\/p>\n<p style=\"font-weight: 400;\">Aquest ajut \u00e9s exclusiu per aquelles <strong><u>fam\u00edlies del centre residents a Rub\u00ed<\/u><\/strong>.<\/p>\n<p>La sol\u00b7licitud s\u2019ha de<strong>\u00a0presentar PRIORIT\u00c0RIAMENT de forma telem\u00e0tica<\/strong>,\u00a0<u>l<\/u>\u2019enlla\u00e7 per accedir-hi \u00e9s el seg\u00fcent:<\/p>\n<p><a href=\"https:\/\/eu-central-1.protection.sophos.com\/?d=rubi.cat&amp;u=aHR0cHM6Ly9zZXUucnViaS5jYXQvY2F0YWxvZ29UcmFtaXRlcy9zaG93LzU0OA==&amp;i=NjE0MzBiZDNhNDkwYTUwZTY5NzU5N2Fl&amp;t=UDhFVHdkeTZiL1BGL0cwY1E0S1Z5NmZFR0NBb2Qzb2xENXJ6YTMyd0RHWT0=&amp;h=d937507386a342289c830cc9cd54e63d\" data-saferedirecturl=\"https:\/\/www.google.com\/url?q=https:\/\/eu-central-1.protection.sophos.com\/?d%3Drubi.cat%26u%3DaHR0cHM6Ly9zZXUucnViaS5jYXQvY2F0YWxvZ29UcmFtaXRlcy9zaG93LzU0OA%3D%3D%26i%3DNjE0MzBiZDNhNDkwYTUwZTY5NzU5N2Fl%26t%3DUDhFVHdkeTZiL1BGL0cwY1E0S1Z5NmZFR0NBb2Qzb2xENXJ6YTMyd0RHWT0%3D%26h%3Dd937507386a342289c830cc9cd54e63d&amp;source=gmail&amp;ust=1683409314165000&amp;usg=AOvVaw3mMm0VYKZDdP6fjeWsx9US\">https:\/\/seu.rubi.cat\/catalogoTramites\/show\/548<\/a><\/p>\n<p style=\"font-weight: 400;\">Aquest any, torneu a comptar amb suport i\u00a0<strong><u>acompanyament al tr\u00e0mit telem\u00e0tic<\/u><\/strong>\u00a0(amb cita pr\u00e8via).<\/p>\n<p style=\"font-weight: 400;\"><u>CALENDARI DE CITA PR\u00c8VIA<\/u>:<\/p>\n<p style=\"font-weight: 400;\">Mat\u00ed &#8211; 09,10,11,16, 17,18 maig<\/p>\n<p style=\"font-weight: 400;\">Tarda &#8211; 08, 09,10,15,16,17 maig<\/p>\n<p style=\"font-weight: 400;\"><u>TEL\u00c8FON PER DEMANAR CITA PR\u00c8VIA<\/u>:<\/p>\n<p style=\"font-weight: 400;\">935887000 Ext. #3303 \/ #3307<\/p>\n<p style=\"font-weight: 400;\">El\u00a0<strong><u>termini per presentar la documentaci\u00f3<\/u><\/strong>\u00a0\u00e9s:<\/p>\n<p style=\"font-weight: 400;\"><u>TELEM\u00c0TICA<\/u>:<br \/>\nDel 02\/05\/2023 al 22\/05\/2023<\/p>\n<p style=\"font-weight: 400;\"><u>PRESENCIAL (amb cita pr\u00e8via)<\/u>:<\/p>\n<p style=\"font-weight: 400;\">Del 08\/05\/2023 al 22\/05\/2023<\/p>\n<p style=\"font-weight: 400;\">La presentaci\u00f3 presencial ser\u00e0 excepcional i es far\u00e0 a l&#8217;oficina de l&#8217;OAC centre.<\/p>\n<p style=\"font-weight: 400;\"><strong><u>El termini per presentar la sol\u00b7licitud,\u00a0s\u2019ha\u00a0de respectar rigorosament.<\/u><\/strong><\/p>\n<p style=\"font-weight: 400;\"><strong>IMPORTANT &#8211;\u00a0<\/strong><em>Per accedir a la tramitaci\u00f3 telem\u00e0tica, cal disposar del certificat electr\u00f2nic\u00a0<strong>IDCAT m\u00f2bil\u00a0<\/strong>(<a href=\"https:\/\/idcatmobil.seu.cat\/\" data-saferedirecturl=\"https:\/\/www.google.com\/url?q=https:\/\/idcatmobil.seu.cat&amp;source=gmail&amp;ust=1683409314165000&amp;usg=AOvVaw2PvIdf0woedrIpUWGTvva3\">https:\/\/idcatmobil.seu.cat<\/a>) per identificar-se.<\/em><\/p>\n<p>&nbsp;<\/p>\n<p><span style=\"color: #99cc00;\"><strong>COMUNITAT EDUCATIVA DE CA N&#8217;ORIOL<\/strong><\/span><\/p>\n","protected":false},"excerpt":{"rendered":"<p>Est\u00e0 oberta la convocat\u00f2ria d\u2019Ajuts de Menjador Escolar per al proper curs 2023\/2024.<br \/>\nAquest ajut \u00e9s exclusiu per aquelles fam\u00edlies del centre residents a Rub\u00ed.<br \/>\nLa sol\u00b7licitud s\u2019ha de\u00a0presentar PRIORIT\u00c0RIAMENT de forma telem\u00e0tica,\u00a0l\u2019enlla\u00e7 per accedir-hi \u00e9s el seg\u00fcent:<br \/>\n<a href=\"https:\/\/eu-central-1.protection.sophos.com\/?d=rubi.cat&amp;u=aHR0cHM6Ly9zZXUucnViaS5jYXQvY2F0YWxvZ29UcmFtaXRlcy9zaG93LzU0OA==&amp;i=NjE0MzBiZDNhNDkwYTUwZTY5NzU5N2Fl&amp;t=UDhFVHdkeTZiL1BGL0cwY1E0S1Z5NmZFR0NBb2Qzb2xENXJ6YTMyd0RHWT0=&amp;h=d937507386a342289c830cc9cd54e63d\" data-saferedirecturl=\"https:\/\/www.google.com\/url?q=https:\/\/eu-central-1.protection.sophos.com\/?d%3Drubi.cat%26u%3DaHR0cHM6Ly9zZXUucnViaS5jYXQvY2F0YWxvZ29UcmFtaXRlcy9zaG93LzU0OA%3D%3D%26i%3DNjE0MzBiZDNhNDkwYTUwZTY5NzU5N2Fl%26t%3DUDhFVHdkeTZiL1BGL0cwY1E0S1Z5NmZFR0NBb2Qzb2xENXJ6YTMyd0RHWT0%3D%26h%3Dd937507386a342289c830cc9cd54e63d&amp;source=gmail&amp;ust=1683409314165000&amp;usg=AOvVaw3mMm0VYKZDdP6fjeWsx9US\">https:\/\/seu.rubi.cat\/catalogoTramites\/show\/548<\/a><br \/>\nAquest any, torneu a comptar amb suport i\u00a0acompanyament&hellip;  <a href=\"https:\/\/agora.xtec.cat\/cee-canoriol\/general\/convocatoria-ajuts-menjador-curs-2023-2024\/\" title=\"Read CONVOCAT\u00d2RIA AJUTS MENJADOR CURS 2023\/2024\">Llegeix m\u00e9s\u00bb<\/a><\/p>\n","protected":false},"author":1,"featured_media":0,"comment_status":"open","ping_status":"closed","sticky":false,"template":"","format":"standard","meta":{"_bbp_topic_count":0,"_bbp_reply_count":0,"_bbp_total_topic_count":0,"_bbp_total_reply_count":0,"_bbp_voice_count":0,"_bbp_anonymous_reply_count":0,"_bbp_topic_count_hidden":0,"_bbp_reply_count_hidden":0,"_bbp_forum_subforum_count":0,"footnotes":""},"categories":[1,4],"tags":[122],"class_list":["post-1281","post","type-post","status-publish","format-standard","hentry","category-general","category-portada","tag-ajuts"],"post_mailing_queue_ids":[],"_links":{"self":[{"href":"https:\/\/agora.xtec.cat\/cee-canoriol\/wp-json\/wp\/v2\/posts\/1281","targetHints":{"allow":["GET"]}}],"collection":[{"href":"https:\/\/agora.xtec.cat\/cee-canoriol\/wp-json\/wp\/v2\/posts"}],"about":[{"href":"https:\/\/agora.xtec.cat\/cee-canoriol\/wp-json\/wp\/v2\/types\/post"}],"author":[{"embeddable":true,"href":"https:\/\/agora.xtec.cat\/cee-canoriol\/wp-json\/wp\/v2\/users\/1"}],"replies":[{"embeddable":true,"href":"https:\/\/agora.xtec.cat\/cee-canoriol\/wp-json\/wp\/v2\/comments?post=1281"}],"version-history":[{"count":1,"href":"https:\/\/agora.xtec.cat\/cee-canoriol\/wp-json\/wp\/v2\/posts\/1281\/revisions"}],"predecessor-version":[{"id":1282,"href":"https:\/\/agora.xtec.cat\/cee-canoriol\/wp-json\/wp\/v2\/posts\/1281\/revisions\/1282"}],"wp:attachment":[{"href":"https:\/\/agora.xtec.cat\/cee-canoriol\/wp-json\/wp\/v2\/media?parent=1281"}],"wp:term":[{"taxonomy":"category","embeddable":true,"href":"https:\/\/agora.xtec.cat\/cee-canoriol\/wp-json\/wp\/v2\/categories?post=1281"},{"taxonomy":"post_tag","embeddable":true,"href":"https:\/\/agora.xtec.cat\/cee-canoriol\/wp-json\/wp\/v2\/tags?post=1281"}],"curies":[{"name":"wp","href":"https:\/\/api.w.org\/{rel}","templated":true}]}}