{"id":1275,"date":"2023-04-29T13:14:39","date_gmt":"2023-04-29T11:14:39","guid":{"rendered":"https:\/\/agora.xtec.cat\/cee-canoriol\/?p=1275"},"modified":"2023-04-29T13:14:39","modified_gmt":"2023-04-29T11:14:39","slug":"dia-de-la-terra","status":"publish","type":"post","link":"https:\/\/agora.xtec.cat\/cee-canoriol\/general\/dia-de-la-terra\/","title":{"rendered":"DIA DE LA TERRA"},"content":{"rendered":"<p>&nbsp;<\/p>\n<p>El passat cap de setmana l&#8217;associaci\u00f3 <a href=\"https:\/\/apdir.org\/\">APDIR<\/a> (Associaci\u00f3 de Persones amb Discapacitat Intel\u00b7lectual de Rub\u00ed) va posar una paradeta a Rub\u00ed per celebrar el Dia de la Terra.<\/p>\n<p>L&#8217;escola ha tingut el plaer de poder col\u00b7laborar amb l&#8217;associaci\u00f3 pintant unes fustes amb diferents grups del centre.<\/p>\n<p>&nbsp;<\/p>\n<p data-wp-editing=\"1\"><img loading=\"lazy\" decoding=\"async\" class=\"wp-image-1276 aligncenter\" src=\"https:\/\/agora.xtec.cat\/cee-canoriol\/wp-content\/uploads\/usu1200\/2023\/04\/1682766042341-768x1024.jpg\" alt=\"\" width=\"360\" height=\"480\" srcset=\"https:\/\/agora.xtec.cat\/cee-canoriol\/wp-content\/uploads\/usu1200\/2023\/04\/1682766042341-768x1024.jpg 768w, https:\/\/agora.xtec.cat\/cee-canoriol\/wp-content\/uploads\/usu1200\/2023\/04\/1682766042341-225x300.jpg 225w, https:\/\/agora.xtec.cat\/cee-canoriol\/wp-content\/uploads\/usu1200\/2023\/04\/1682766042341-1152x1536.jpg 1152w, https:\/\/agora.xtec.cat\/cee-canoriol\/wp-content\/uploads\/usu1200\/2023\/04\/1682766042341.jpg 1200w\" sizes=\"auto, (max-width: 360px) 100vw, 360px\" \/><\/p>\n<p style=\"text-align: center;\">\n<p style=\"text-align: left;\">El resultat?<\/p>\n<p>Una explosi\u00f3 de colors!!!<\/p>\n<p>&nbsp;<\/p>\n<p><img loading=\"lazy\" decoding=\"async\" class=\"aligncenter  wp-image-1278\" src=\"https:\/\/agora.xtec.cat\/cee-canoriol\/wp-content\/uploads\/usu1200\/2023\/04\/IMG-20230422-WA0041.jpg\" alt=\"\" width=\"646\" height=\"485\" srcset=\"https:\/\/agora.xtec.cat\/cee-canoriol\/wp-content\/uploads\/usu1200\/2023\/04\/IMG-20230422-WA0041.jpg 800w, https:\/\/agora.xtec.cat\/cee-canoriol\/wp-content\/uploads\/usu1200\/2023\/04\/IMG-20230422-WA0041-300x225.jpg 300w, https:\/\/agora.xtec.cat\/cee-canoriol\/wp-content\/uploads\/usu1200\/2023\/04\/IMG-20230422-WA0041-768x576.jpg 768w, https:\/\/agora.xtec.cat\/cee-canoriol\/wp-content\/uploads\/usu1200\/2023\/04\/IMG-20230422-WA0041-200x150.jpg 200w\" sizes=\"auto, (max-width: 646px) 100vw, 646px\" \/><\/p>\n<p>&nbsp;<\/p>\n<p>Volem donar les gr\u00e0cies a la nostra especialista d&#8217;educaci\u00f3 art\u00edstica, la Judith, per la seva implicaci\u00f3 des del primer moment.<\/p>\n<p>&nbsp;<\/p>\n<p><span style=\"color: #99cc00;\"><strong>COMUNITAT EDUCATIVA CEE CA N&#8217;ORIOL<\/strong><\/span><\/p>\n<p>&nbsp;<\/p>\n<p>&nbsp;<\/p>\n<p>&nbsp;<\/p>\n<p>&nbsp;<\/p>\n<p>&nbsp;<\/p>\n","protected":false},"excerpt":{"rendered":"<p>&nbsp;<br \/>\nEl passat cap de setmana l&#8217;associaci\u00f3 <a href=\"https:\/\/apdir.org\/\">APDIR<\/a> (Associaci\u00f3 de Persones amb Discapacitat Intel\u00b7lectual de Rub\u00ed) va posar una paradeta a Rub\u00ed per celebrar el Dia de la Terra.<br \/>\nL&#8217;escola ha tingut el plaer de poder col\u00b7laborar amb l&#8217;associaci\u00f3 pintant unes fustes amb diferents grups del&hellip;  <a href=\"https:\/\/agora.xtec.cat\/cee-canoriol\/general\/dia-de-la-terra\/\" title=\"Read DIA DE LA TERRA\">Llegeix m\u00e9s\u00bb<\/a><\/p>\n","protected":false},"author":1,"featured_media":0,"comment_status":"open","ping_status":"closed","sticky":false,"template":"","format":"standard","meta":{"_bbp_topic_count":0,"_bbp_reply_count":0,"_bbp_total_topic_count":0,"_bbp_total_reply_count":0,"_bbp_voice_count":0,"_bbp_anonymous_reply_count":0,"_bbp_topic_count_hidden":0,"_bbp_reply_count_hidden":0,"_bbp_forum_subforum_count":0,"footnotes":""},"categories":[7,3,8,1,4],"tags":[17],"class_list":["post-1275","post","type-post","status-publish","format-standard","hentry","category-ampa","category-infantil-i-primaria","category-secundaria","category-general","category-portada","tag-plastica"],"post_mailing_queue_ids":[],"_links":{"self":[{"href":"https:\/\/agora.xtec.cat\/cee-canoriol\/wp-json\/wp\/v2\/posts\/1275","targetHints":{"allow":["GET"]}}],"collection":[{"href":"https:\/\/agora.xtec.cat\/cee-canoriol\/wp-json\/wp\/v2\/posts"}],"about":[{"href":"https:\/\/agora.xtec.cat\/cee-canoriol\/wp-json\/wp\/v2\/types\/post"}],"author":[{"embeddable":true,"href":"https:\/\/agora.xtec.cat\/cee-canoriol\/wp-json\/wp\/v2\/users\/1"}],"replies":[{"embeddable":true,"href":"https:\/\/agora.xtec.cat\/cee-canoriol\/wp-json\/wp\/v2\/comments?post=1275"}],"version-history":[{"count":2,"href":"https:\/\/agora.xtec.cat\/cee-canoriol\/wp-json\/wp\/v2\/posts\/1275\/revisions"}],"predecessor-version":[{"id":1280,"href":"https:\/\/agora.xtec.cat\/cee-canoriol\/wp-json\/wp\/v2\/posts\/1275\/revisions\/1280"}],"wp:attachment":[{"href":"https:\/\/agora.xtec.cat\/cee-canoriol\/wp-json\/wp\/v2\/media?parent=1275"}],"wp:term":[{"taxonomy":"category","embeddable":true,"href":"https:\/\/agora.xtec.cat\/cee-canoriol\/wp-json\/wp\/v2\/categories?post=1275"},{"taxonomy":"post_tag","embeddable":true,"href":"https:\/\/agora.xtec.cat\/cee-canoriol\/wp-json\/wp\/v2\/tags?post=1275"}],"curies":[{"name":"wp","href":"https:\/\/api.w.org\/{rel}","templated":true}]}}