{"id":1251,"date":"2023-04-12T19:17:31","date_gmt":"2023-04-12T17:17:31","guid":{"rendered":"https:\/\/agora.xtec.cat\/cee-canoriol\/?p=1251"},"modified":"2023-04-12T19:19:46","modified_gmt":"2023-04-12T17:19:46","slug":"jornada-portes-obertes-font-del-ferro","status":"publish","type":"post","link":"https:\/\/agora.xtec.cat\/cee-canoriol\/general\/jornada-portes-obertes-font-del-ferro\/","title":{"rendered":"JORNADA PORTES OBERTES FONT DEL FERRO"},"content":{"rendered":"<p>&nbsp;<\/p>\n<p>AQUEST DIUMENGE, 16 D&#8217;ABRIL DEL 2023, DE 10 A 14:30h S\u00d3N LES JORNADES DE PORTES OBERTES DE LA FINCA FONT DEL FERRO.<\/p>\n<p>\u00c9S UN BON MOMENT PER CON\u00c8IXER TOTA LA BONA FEINA QUE FAN I, PERQU\u00c8 NO, OMPLIR LA CASA DE COLORS PRIMAVERALS!<\/p>\n<p>&nbsp;<\/p>\n<p><img loading=\"lazy\" decoding=\"async\" class=\"aligncenter size-large wp-image-1252\" src=\"https:\/\/agora.xtec.cat\/cee-canoriol\/wp-content\/uploads\/usu1200\/2023\/04\/unnamed-820x1024.png\" alt=\"\" width=\"820\" height=\"1024\" srcset=\"https:\/\/agora.xtec.cat\/cee-canoriol\/wp-content\/uploads\/usu1200\/2023\/04\/unnamed-820x1024.png 820w, https:\/\/agora.xtec.cat\/cee-canoriol\/wp-content\/uploads\/usu1200\/2023\/04\/unnamed-240x300.png 240w, https:\/\/agora.xtec.cat\/cee-canoriol\/wp-content\/uploads\/usu1200\/2023\/04\/unnamed-768x960.png 768w, https:\/\/agora.xtec.cat\/cee-canoriol\/wp-content\/uploads\/usu1200\/2023\/04\/unnamed-1229x1536.png 1229w, https:\/\/agora.xtec.cat\/cee-canoriol\/wp-content\/uploads\/usu1200\/2023\/04\/unnamed-1639x2048.png 1639w, https:\/\/agora.xtec.cat\/cee-canoriol\/wp-content\/uploads\/usu1200\/2023\/04\/unnamed.png 1668w\" sizes=\"auto, (max-width: 820px) 100vw, 820px\" \/><\/p>\n<p>&nbsp;<\/p>\n<p>US ANIMEM A PARTICIPAR!<\/p>\n<p>&nbsp;<\/p>\n<p><span style=\"color: #99cc00;\"><strong>COMUNITAT EDUCATIVA DEL CEE CA N&#8217;ORIOL<\/strong><\/span><\/p>\n<p>&nbsp;<\/p>\n<p>&nbsp;<\/p>\n<p>&nbsp;<\/p>\n","protected":false},"excerpt":{"rendered":"<p>&nbsp;<br \/>\nAQUEST DIUMENGE, 16 D&#8217;ABRIL DEL 2023, DE 10 A 14:30h S\u00d3N LES JORNADES DE PORTES OBERTES DE LA FINCA FONT DEL FERRO.<br \/>\n\u00c9S UN BON MOMENT PER CON\u00c8IXER TOTA LA BONA FEINA QUE FAN I, PERQU\u00c8 NO, OMPLIR LA CASA DE COLORS PRIMAVERALS!<br \/>\n&nbsp;<\/p>\n<p>&nbsp;<br \/>\nUS ANIMEM A PARTICIPAR!<br \/>\n&nbsp;<br \/>\nCOMUNITAT&hellip;  <a href=\"https:\/\/agora.xtec.cat\/cee-canoriol\/general\/jornada-portes-obertes-font-del-ferro\/\" title=\"Read JORNADA PORTES OBERTES FONT DEL FERRO\">Llegeix m\u00e9s\u00bb<\/a><\/p>\n","protected":false},"author":1,"featured_media":1252,"comment_status":"open","ping_status":"closed","sticky":false,"template":"","format":"standard","meta":{"_bbp_topic_count":0,"_bbp_reply_count":0,"_bbp_total_topic_count":0,"_bbp_total_reply_count":0,"_bbp_voice_count":0,"_bbp_anonymous_reply_count":0,"_bbp_topic_count_hidden":0,"_bbp_reply_count_hidden":0,"_bbp_forum_subforum_count":0,"footnotes":""},"categories":[1,4],"tags":[112],"class_list":["post-1251","post","type-post","status-publish","format-standard","has-post-thumbnail","hentry","category-general","category-portada","tag-families"],"post_mailing_queue_ids":[],"_links":{"self":[{"href":"https:\/\/agora.xtec.cat\/cee-canoriol\/wp-json\/wp\/v2\/posts\/1251","targetHints":{"allow":["GET"]}}],"collection":[{"href":"https:\/\/agora.xtec.cat\/cee-canoriol\/wp-json\/wp\/v2\/posts"}],"about":[{"href":"https:\/\/agora.xtec.cat\/cee-canoriol\/wp-json\/wp\/v2\/types\/post"}],"author":[{"embeddable":true,"href":"https:\/\/agora.xtec.cat\/cee-canoriol\/wp-json\/wp\/v2\/users\/1"}],"replies":[{"embeddable":true,"href":"https:\/\/agora.xtec.cat\/cee-canoriol\/wp-json\/wp\/v2\/comments?post=1251"}],"version-history":[{"count":3,"href":"https:\/\/agora.xtec.cat\/cee-canoriol\/wp-json\/wp\/v2\/posts\/1251\/revisions"}],"predecessor-version":[{"id":1255,"href":"https:\/\/agora.xtec.cat\/cee-canoriol\/wp-json\/wp\/v2\/posts\/1251\/revisions\/1255"}],"wp:featuredmedia":[{"embeddable":true,"href":"https:\/\/agora.xtec.cat\/cee-canoriol\/wp-json\/wp\/v2\/media\/1252"}],"wp:attachment":[{"href":"https:\/\/agora.xtec.cat\/cee-canoriol\/wp-json\/wp\/v2\/media?parent=1251"}],"wp:term":[{"taxonomy":"category","embeddable":true,"href":"https:\/\/agora.xtec.cat\/cee-canoriol\/wp-json\/wp\/v2\/categories?post=1251"},{"taxonomy":"post_tag","embeddable":true,"href":"https:\/\/agora.xtec.cat\/cee-canoriol\/wp-json\/wp\/v2\/tags?post=1251"}],"curies":[{"name":"wp","href":"https:\/\/api.w.org\/{rel}","templated":true}]}}