{"id":1107,"date":"2023-04-04T20:22:28","date_gmt":"2023-04-04T18:22:28","guid":{"rendered":"https:\/\/agora.xtec.cat\/cee-canoriol\/?p=1107"},"modified":"2023-04-05T19:28:41","modified_gmt":"2023-04-05T17:28:41","slug":"ajudes-pua-2023","status":"publish","type":"post","link":"https:\/\/agora.xtec.cat\/cee-canoriol\/general\/ajudes-pua-2023\/","title":{"rendered":"AJUTS PUA 2023"},"content":{"rendered":"<p>BENVOLGUDES FAM\u00cdLIES,<\/p>\n<p>US INFORMEM QUE JA EST\u00c0 DISPONIBLE LA SOL\u00b7LICITUD PER PRESENTAR ELS AJUTS PUA DEL 2023.<\/p>\n<p><img loading=\"lazy\" decoding=\"async\" class=\"aligncenter size-full wp-image-1123\" src=\"https:\/\/agora.xtec.cat\/cee-canoriol\/wp-content\/uploads\/usu1200\/2023\/04\/baixa-1.jpg\" alt=\"\" width=\"214\" height=\"194\" \/><\/p>\n<p>EL <strong>TERMINI<\/strong> PER PRESENTAR LA SOL\u00b7LICITUD SER\u00c0 <strong>DEL 31\/03 AL 15\/05<\/strong> DEL 2023, AMBD\u00d3S INCLOSOS.<\/p>\n<p>ES POT PRESENTAR <strong>PRESENCIAL O TELEM\u00c0TICAMENT<\/strong>, SENT AQUESTA \u00daLTIMA OPCI\u00d3 LA PREFERENT.<\/p>\n<p>PER FER-HO <span style=\"text-decoration: underline;\">TELEM\u00c0TICAMENT<\/span> HEU D&#8217;ACCEDIR AL SEG\u00dcENT LINK I SEGUIR LES INSTRUCCIONS:<\/p>\n<p><a href=\"https:\/\/web.gencat.cat\/ca\/tramits\/tramits-temes\/Prestacio-datencio-social-a-les-persones-amb-discapacitat-PUA\">https:\/\/web.gencat.cat\/ca\/tramits\/tramits-temes\/Prestacio-datencio-social-a-les-persones-amb-discapacitat-PUA<\/a><\/p>\n<p>PER FER-HO <span style=\"text-decoration: underline;\">PRESENCIALMENT<\/span> HEU D&#8217;OMPLIR LA SEG\u00dcENT SOL\u00b7LICITUD:<\/p>\n<p><a href=\"https:\/\/agora.xtec.cat\/cee-canoriol\/wp-content\/uploads\/usu1200\/2023\/04\/DS003SOLC-PUA_v.4.0_CAT.pdf\">DS003SOLC-PUA_v.4.0_CAT<\/a><\/p>\n<p>EN EL SEG\u00dcENT ENLLA\u00c7 TENIU UNA <strong>GUIA PER A LA TRAMITACI\u00d3 DE LA PRESTACI\u00d3<\/strong>:<\/p>\n<p><a href=\"https:\/\/dretssocials.gencat.cat\/ca\/ambits_tematics\/persones_amb_discapacitat\/ajuts_i_prestacions_economiques\/manual_pua_2023\">https:\/\/dretssocials.gencat.cat\/ca\/ambits_tematics\/persones_amb_discapacitat\/ajuts_i_prestacions_economiques\/manual_pua_2023<\/a><\/p>\n<p>SI TENIU ALGUN DUBTE ESTEM A LA VOSTRA DISPOSICI\u00d3!<\/p>\n<p><span style=\"color: #99cc00;\"><strong>COMUNITAT EDUCATIVA CEE CA N&#8217;ORIOL<\/strong><\/span><\/p>\n","protected":false},"excerpt":{"rendered":"<p>BENVOLGUDES FAM\u00cdLIES,<br \/>\nUS INFORMEM QUE JA EST\u00c0 DISPONIBLE LA SOL\u00b7LICITUD PER PRESENTAR ELS AJUTS PUA DEL 2023.<\/p>\n<p>EL TERMINI PER PRESENTAR LA SOL\u00b7LICITUD SER\u00c0 DEL 31\/03 AL 15\/05 DEL 2023, AMBD\u00d3S INCLOSOS.<br \/>\nES POT PRESENTAR PRESENCIAL O TELEM\u00c0TICAMENT, SENT AQUESTA \u00daLTIMA OPCI\u00d3 LA PREFERENT.<br \/>\nPER FER-HO TELEM\u00c0TICAMENT HEU D&#8217;ACCEDIR&hellip;  <a href=\"https:\/\/agora.xtec.cat\/cee-canoriol\/general\/ajudes-pua-2023\/\" title=\"Read AJUTS PUA 2023\">Llegeix m\u00e9s\u00bb<\/a><\/p>\n","protected":false},"author":1,"featured_media":1123,"comment_status":"open","ping_status":"closed","sticky":false,"template":"","format":"standard","meta":{"_bbp_topic_count":0,"_bbp_reply_count":0,"_bbp_total_topic_count":0,"_bbp_total_reply_count":0,"_bbp_voice_count":0,"_bbp_anonymous_reply_count":0,"_bbp_topic_count_hidden":0,"_bbp_reply_count_hidden":0,"_bbp_forum_subforum_count":0,"footnotes":""},"categories":[1,4],"tags":[112],"class_list":["post-1107","post","type-post","status-publish","format-standard","has-post-thumbnail","hentry","category-general","category-portada","tag-families"],"post_mailing_queue_ids":[],"_links":{"self":[{"href":"https:\/\/agora.xtec.cat\/cee-canoriol\/wp-json\/wp\/v2\/posts\/1107","targetHints":{"allow":["GET"]}}],"collection":[{"href":"https:\/\/agora.xtec.cat\/cee-canoriol\/wp-json\/wp\/v2\/posts"}],"about":[{"href":"https:\/\/agora.xtec.cat\/cee-canoriol\/wp-json\/wp\/v2\/types\/post"}],"author":[{"embeddable":true,"href":"https:\/\/agora.xtec.cat\/cee-canoriol\/wp-json\/wp\/v2\/users\/1"}],"replies":[{"embeddable":true,"href":"https:\/\/agora.xtec.cat\/cee-canoriol\/wp-json\/wp\/v2\/comments?post=1107"}],"version-history":[{"count":3,"href":"https:\/\/agora.xtec.cat\/cee-canoriol\/wp-json\/wp\/v2\/posts\/1107\/revisions"}],"predecessor-version":[{"id":1125,"href":"https:\/\/agora.xtec.cat\/cee-canoriol\/wp-json\/wp\/v2\/posts\/1107\/revisions\/1125"}],"wp:featuredmedia":[{"embeddable":true,"href":"https:\/\/agora.xtec.cat\/cee-canoriol\/wp-json\/wp\/v2\/media\/1123"}],"wp:attachment":[{"href":"https:\/\/agora.xtec.cat\/cee-canoriol\/wp-json\/wp\/v2\/media?parent=1107"}],"wp:term":[{"taxonomy":"category","embeddable":true,"href":"https:\/\/agora.xtec.cat\/cee-canoriol\/wp-json\/wp\/v2\/categories?post=1107"},{"taxonomy":"post_tag","embeddable":true,"href":"https:\/\/agora.xtec.cat\/cee-canoriol\/wp-json\/wp\/v2\/tags?post=1107"}],"curies":[{"name":"wp","href":"https:\/\/api.w.org\/{rel}","templated":true}]}}