{"id":1066,"date":"2022-06-23T07:52:32","date_gmt":"2022-06-23T05:52:32","guid":{"rendered":"https:\/\/agora.xtec.cat\/cee-canoriol\/?p=1066"},"modified":"2023-04-05T20:15:49","modified_gmt":"2023-04-05T18:15:49","slug":"festa-fi-de-curs","status":"publish","type":"post","link":"https:\/\/agora.xtec.cat\/cee-canoriol\/infantil-i-primaria\/festa-fi-de-curs\/","title":{"rendered":"Festa fi de curs"},"content":{"rendered":"<p style=\"text-align: justify;\">Dimarts vam celebrar la festa de fi de curs! En ten\u00edem moltes ganes, perqu\u00e8 feia molt temps que no ens trob\u00e0vem tots i ompl\u00edem l&#8217;escola d&#8217;alegria, compartint una estona plegats; fam\u00edlies, alumnes i professionals.<\/p>\n<p style=\"text-align: justify;\">Vam gaudir dels tallers, dels jocs i de la m\u00fasica que el grup ALEA ens va regalar amb un repertori propi de can\u00e7ons que va ser una del\u00edcia. Gracies Jordi i companyia!<\/p>\n<p style=\"text-align: justify;\">Gr\u00e0cies a tots els que vau venir, gr\u00e0cies a tots els que vau participar, gr\u00e0cies a tots els que vau fer possible aquesta festa, gr\u00e0cies a l&#8217;AMPA i gr\u00e0cies a l&#8217;empresa\u00a0<a href=\"https:\/\/www.rhenus.group\/es\/es\">https:\/\/www.rhenus.group\/es\/es<\/a> per la seva aportaci\u00f3 econ\u00f2mica.<\/p>\n<p>Gr\u00e0cies a tots i a totes per ser-hi!<\/p>\n<div dir=\"auto\" style=\"text-align: justify;\"><img loading=\"lazy\" decoding=\"async\" class=\"wp-image-1068 size-medium alignleft\" src=\"https:\/\/agora.xtec.cat\/cee-canoriol\/wp-content\/uploads\/usu1200\/2022\/06\/Screenshot_20220623-074745_Drive-214x300.jpg\" alt=\"\" width=\"214\" height=\"300\" srcset=\"https:\/\/agora.xtec.cat\/cee-canoriol\/wp-content\/uploads\/usu1200\/2022\/06\/Screenshot_20220623-074745_Drive-214x300.jpg 214w, https:\/\/agora.xtec.cat\/cee-canoriol\/wp-content\/uploads\/usu1200\/2022\/06\/Screenshot_20220623-074745_Drive-731x1024.jpg 731w, https:\/\/agora.xtec.cat\/cee-canoriol\/wp-content\/uploads\/usu1200\/2022\/06\/Screenshot_20220623-074745_Drive-768x1076.jpg 768w, https:\/\/agora.xtec.cat\/cee-canoriol\/wp-content\/uploads\/usu1200\/2022\/06\/Screenshot_20220623-074745_Drive.jpg 1043w\" sizes=\"auto, (max-width: 214px) 100vw, 214px\" \/><\/div>\n<div dir=\"auto\"><img loading=\"lazy\" decoding=\"async\" class=\"wp-image-1067 size-medium alignleft\" src=\"https:\/\/agora.xtec.cat\/cee-canoriol\/wp-content\/uploads\/usu1200\/2022\/06\/Screenshot_20220623-074755_Drive-216x300.jpg\" alt=\"\" width=\"216\" height=\"300\" srcset=\"https:\/\/agora.xtec.cat\/cee-canoriol\/wp-content\/uploads\/usu1200\/2022\/06\/Screenshot_20220623-074755_Drive-216x300.jpg 216w, https:\/\/agora.xtec.cat\/cee-canoriol\/wp-content\/uploads\/usu1200\/2022\/06\/Screenshot_20220623-074755_Drive-736x1024.jpg 736w, https:\/\/agora.xtec.cat\/cee-canoriol\/wp-content\/uploads\/usu1200\/2022\/06\/Screenshot_20220623-074755_Drive-768x1068.jpg 768w, https:\/\/agora.xtec.cat\/cee-canoriol\/wp-content\/uploads\/usu1200\/2022\/06\/Screenshot_20220623-074755_Drive.jpg 1037w\" sizes=\"auto, (max-width: 216px) 100vw, 216px\" \/><\/div>\n","protected":false},"excerpt":{"rendered":"<p>Dimarts vam celebrar la festa de fi de curs! En ten\u00edem moltes ganes, perqu\u00e8 feia molt temps que no ens trob\u00e0vem tots i ompl\u00edem l&#8217;escola d&#8217;alegria, compartint una estona plegats; fam\u00edlies, alumnes i professionals.<br \/>\nVam gaudir dels tallers, dels jocs i de la m\u00fasica que el&hellip;  <a href=\"https:\/\/agora.xtec.cat\/cee-canoriol\/infantil-i-primaria\/festa-fi-de-curs\/\" title=\"Read Festa fi de curs\">Llegeix m\u00e9s\u00bb<\/a><\/p>\n","protected":false},"author":1,"featured_media":0,"comment_status":"open","ping_status":"closed","sticky":false,"template":"","format":"standard","meta":{"_bbp_topic_count":0,"_bbp_reply_count":0,"_bbp_total_topic_count":0,"_bbp_total_reply_count":0,"_bbp_voice_count":0,"_bbp_anonymous_reply_count":0,"_bbp_topic_count_hidden":0,"_bbp_reply_count_hidden":0,"_bbp_forum_subforum_count":0,"footnotes":""},"categories":[7,3,8,4],"tags":[112,114],"class_list":["post-1066","post","type-post","status-publish","format-standard","hentry","category-ampa","category-infantil-i-primaria","category-secundaria","category-portada","tag-families","tag-festes-escola"],"post_mailing_queue_ids":[],"_links":{"self":[{"href":"https:\/\/agora.xtec.cat\/cee-canoriol\/wp-json\/wp\/v2\/posts\/1066","targetHints":{"allow":["GET"]}}],"collection":[{"href":"https:\/\/agora.xtec.cat\/cee-canoriol\/wp-json\/wp\/v2\/posts"}],"about":[{"href":"https:\/\/agora.xtec.cat\/cee-canoriol\/wp-json\/wp\/v2\/types\/post"}],"author":[{"embeddable":true,"href":"https:\/\/agora.xtec.cat\/cee-canoriol\/wp-json\/wp\/v2\/users\/1"}],"replies":[{"embeddable":true,"href":"https:\/\/agora.xtec.cat\/cee-canoriol\/wp-json\/wp\/v2\/comments?post=1066"}],"version-history":[{"count":3,"href":"https:\/\/agora.xtec.cat\/cee-canoriol\/wp-json\/wp\/v2\/posts\/1066\/revisions"}],"predecessor-version":[{"id":1071,"href":"https:\/\/agora.xtec.cat\/cee-canoriol\/wp-json\/wp\/v2\/posts\/1066\/revisions\/1071"}],"wp:attachment":[{"href":"https:\/\/agora.xtec.cat\/cee-canoriol\/wp-json\/wp\/v2\/media?parent=1066"}],"wp:term":[{"taxonomy":"category","embeddable":true,"href":"https:\/\/agora.xtec.cat\/cee-canoriol\/wp-json\/wp\/v2\/categories?post=1066"},{"taxonomy":"post_tag","embeddable":true,"href":"https:\/\/agora.xtec.cat\/cee-canoriol\/wp-json\/wp\/v2\/tags?post=1066"}],"curies":[{"name":"wp","href":"https:\/\/api.w.org\/{rel}","templated":true}]}}