{"id":1046,"date":"2021-12-06T17:22:28","date_gmt":"2021-12-06T16:22:28","guid":{"rendered":"https:\/\/agora.xtec.cat\/cee-canoriol\/?p=1046"},"modified":"2023-04-05T20:23:47","modified_gmt":"2023-04-05T18:23:47","slug":"3-de-desembre-dia-internacional-de-les-persones-amb-discapacitat","status":"publish","type":"post","link":"https:\/\/agora.xtec.cat\/cee-canoriol\/general\/3-de-desembre-dia-internacional-de-les-persones-amb-discapacitat\/","title":{"rendered":"3 DE DESEMBRE; dia internacional de les persones amb discapacitat"},"content":{"rendered":"<p style=\"text-align: justify;\">Per celebrar el dia internacional de les persones amb discapacitat, hem elaborat un video que recull el dia a dia a l&#8217;escola.<\/p>\n<p style=\"text-align: justify;\">L&#8217;edici\u00f3 d&#8217;aquest video l&#8217;han fet possible la <strong>J\u00falia Rial <\/strong>i l&#8217;<strong>Aida Soriano<\/strong>. La m\u00fasica ha estat composada, escrita i cantada per l&#8217;<strong>Alberto Nu\u00f1ez<\/strong>. Els agra\u00efm a ells i a tots els professionals de l&#8217;escola la feina feta.<\/p>\n<p style=\"text-align: justify;\">Esperem que us agradi!<\/p>\n<p><a href=\"https:\/\/www.youtube.com\/watch?v=J0bBjAMAbV4\" target=\"_blank\" rel=\"noopener\">Video 3 de Desembre<\/a><\/p>\n<p><a href=\"https:\/\/www.youtube.com\/watch?v=J0bBjAMAbV4\"><img loading=\"lazy\" decoding=\"async\" class=\"aligncenter wp-image-1051 size-large\" style=\"text-align: justify;\" src=\"https:\/\/agora.xtec.cat\/cee-canoriol\/wp-content\/uploads\/usu1200\/2021\/12\/Sin-titulo-1024x579.jpg\" alt=\"\" width=\"1024\" height=\"579\" srcset=\"https:\/\/agora.xtec.cat\/cee-canoriol\/wp-content\/uploads\/usu1200\/2021\/12\/Sin-titulo-1024x579.jpg 1024w, https:\/\/agora.xtec.cat\/cee-canoriol\/wp-content\/uploads\/usu1200\/2021\/12\/Sin-titulo-300x170.jpg 300w, https:\/\/agora.xtec.cat\/cee-canoriol\/wp-content\/uploads\/usu1200\/2021\/12\/Sin-titulo-768x434.jpg 768w, https:\/\/agora.xtec.cat\/cee-canoriol\/wp-content\/uploads\/usu1200\/2021\/12\/Sin-titulo-1536x868.jpg 1536w, https:\/\/agora.xtec.cat\/cee-canoriol\/wp-content\/uploads\/usu1200\/2021\/12\/Sin-titulo.jpg 1669w\" sizes=\"auto, (max-width: 1024px) 100vw, 1024px\" \/><\/a><\/p>\n","protected":false},"excerpt":{"rendered":"<p>Per celebrar el dia internacional de les persones amb discapacitat, hem elaborat un video que recull el dia a dia a l&#8217;escola.<br \/>\nL&#8217;edici\u00f3 d&#8217;aquest video l&#8217;han fet possible la J\u00falia Rial i l&#8217;Aida Soriano. La m\u00fasica ha estat composada, escrita i cantada per l&#8217;Alberto Nu\u00f1ez. Els&hellip;  <a href=\"https:\/\/agora.xtec.cat\/cee-canoriol\/general\/3-de-desembre-dia-internacional-de-les-persones-amb-discapacitat\/\" title=\"Read 3 DE DESEMBRE; dia internacional de les persones amb discapacitat\">Llegeix m\u00e9s\u00bb<\/a><\/p>\n","protected":false},"author":1,"featured_media":0,"comment_status":"open","ping_status":"closed","sticky":false,"template":"","format":"standard","meta":{"_bbp_topic_count":0,"_bbp_reply_count":0,"_bbp_total_topic_count":0,"_bbp_total_reply_count":0,"_bbp_voice_count":0,"_bbp_anonymous_reply_count":0,"_bbp_topic_count_hidden":0,"_bbp_reply_count_hidden":0,"_bbp_forum_subforum_count":0,"footnotes":""},"categories":[1,4],"tags":[120],"class_list":["post-1046","post","type-post","status-publish","format-standard","hentry","category-general","category-portada","tag-diversitat-funcional"],"post_mailing_queue_ids":[],"_links":{"self":[{"href":"https:\/\/agora.xtec.cat\/cee-canoriol\/wp-json\/wp\/v2\/posts\/1046","targetHints":{"allow":["GET"]}}],"collection":[{"href":"https:\/\/agora.xtec.cat\/cee-canoriol\/wp-json\/wp\/v2\/posts"}],"about":[{"href":"https:\/\/agora.xtec.cat\/cee-canoriol\/wp-json\/wp\/v2\/types\/post"}],"author":[{"embeddable":true,"href":"https:\/\/agora.xtec.cat\/cee-canoriol\/wp-json\/wp\/v2\/users\/1"}],"replies":[{"embeddable":true,"href":"https:\/\/agora.xtec.cat\/cee-canoriol\/wp-json\/wp\/v2\/comments?post=1046"}],"version-history":[{"count":3,"href":"https:\/\/agora.xtec.cat\/cee-canoriol\/wp-json\/wp\/v2\/posts\/1046\/revisions"}],"predecessor-version":[{"id":1057,"href":"https:\/\/agora.xtec.cat\/cee-canoriol\/wp-json\/wp\/v2\/posts\/1046\/revisions\/1057"}],"wp:attachment":[{"href":"https:\/\/agora.xtec.cat\/cee-canoriol\/wp-json\/wp\/v2\/media?parent=1046"}],"wp:term":[{"taxonomy":"category","embeddable":true,"href":"https:\/\/agora.xtec.cat\/cee-canoriol\/wp-json\/wp\/v2\/categories?post=1046"},{"taxonomy":"post_tag","embeddable":true,"href":"https:\/\/agora.xtec.cat\/cee-canoriol\/wp-json\/wp\/v2\/tags?post=1046"}],"curies":[{"name":"wp","href":"https:\/\/api.w.org\/{rel}","templated":true}]}}