{"id":1017,"date":"2021-06-28T07:53:34","date_gmt":"2021-06-28T05:53:34","guid":{"rendered":"https:\/\/agora.xtec.cat\/cee-canoriol\/?p=1017"},"modified":"2023-04-05T20:25:31","modified_gmt":"2023-04-05T18:25:31","slug":"xocolatada-de-fi-de-curs","status":"publish","type":"post","link":"https:\/\/agora.xtec.cat\/cee-canoriol\/general\/xocolatada-de-fi-de-curs\/","title":{"rendered":"Xocolatada de fi de curs"},"content":{"rendered":"<p style=\"text-align: justify;\">Aquest curs tan estrany no ens ha perm\u00e8s celebrar la festa de fi de curs que organitza habitualment la <strong>comissi\u00f3 de festes de l&#8217;AMPA<\/strong> de l&#8217;escola, aix\u00ed i tot, no han volgut deixar de felicitar els nens i nenes i nois i noies de l&#8217;escola per com ha anat el curs i han organitzat una xocolatada per esmorzar que han gaudit d&#8217;all\u00f2 m\u00e9s. <img loading=\"lazy\" decoding=\"async\" class=\"aligncenter wp-image-1018 size-large\" src=\"https:\/\/agora.xtec.cat\/cee-canoriol\/wp-content\/uploads\/usu1200\/2021\/07\/IMG_20210730_074118-1024x1024.jpg\" alt=\"\" width=\"1024\" height=\"1024\" srcset=\"https:\/\/agora.xtec.cat\/cee-canoriol\/wp-content\/uploads\/usu1200\/2021\/07\/IMG_20210730_074118-1024x1024.jpg 1024w, https:\/\/agora.xtec.cat\/cee-canoriol\/wp-content\/uploads\/usu1200\/2021\/07\/IMG_20210730_074118-300x300.jpg 300w, https:\/\/agora.xtec.cat\/cee-canoriol\/wp-content\/uploads\/usu1200\/2021\/07\/IMG_20210730_074118-150x150.jpg 150w, https:\/\/agora.xtec.cat\/cee-canoriol\/wp-content\/uploads\/usu1200\/2021\/07\/IMG_20210730_074118-768x768.jpg 768w, https:\/\/agora.xtec.cat\/cee-canoriol\/wp-content\/uploads\/usu1200\/2021\/07\/IMG_20210730_074118-1536x1536.jpg 1536w, https:\/\/agora.xtec.cat\/cee-canoriol\/wp-content\/uploads\/usu1200\/2021\/07\/IMG_20210730_074118.jpg 1564w\" sizes=\"auto, (max-width: 1024px) 100vw, 1024px\" \/> <img loading=\"lazy\" decoding=\"async\" class=\"aligncenter size-large wp-image-1019\" src=\"https:\/\/agora.xtec.cat\/cee-canoriol\/wp-content\/uploads\/usu1200\/2021\/07\/IMG-20210726-WA0015-1024x576.jpg\" alt=\"\" width=\"1024\" height=\"576\" srcset=\"https:\/\/agora.xtec.cat\/cee-canoriol\/wp-content\/uploads\/usu1200\/2021\/07\/IMG-20210726-WA0015-1024x576.jpg 1024w, https:\/\/agora.xtec.cat\/cee-canoriol\/wp-content\/uploads\/usu1200\/2021\/07\/IMG-20210726-WA0015-300x169.jpg 300w, https:\/\/agora.xtec.cat\/cee-canoriol\/wp-content\/uploads\/usu1200\/2021\/07\/IMG-20210726-WA0015-768x432.jpg 768w, https:\/\/agora.xtec.cat\/cee-canoriol\/wp-content\/uploads\/usu1200\/2021\/07\/IMG-20210726-WA0015-1536x864.jpg 1536w, https:\/\/agora.xtec.cat\/cee-canoriol\/wp-content\/uploads\/usu1200\/2021\/07\/IMG-20210726-WA0015.jpg 2016w\" sizes=\"auto, (max-width: 1024px) 100vw, 1024px\" \/><\/p>\n","protected":false},"excerpt":{"rendered":"<p>Aquest curs tan estrany no ens ha perm\u00e8s celebrar la festa de fi de curs que organitza habitualment la comissi\u00f3 de festes de l&#8217;AMPA de l&#8217;escola, aix\u00ed i tot, no han volgut deixar de felicitar els nens i nenes i nois i noies de l&#8217;escola&hellip;  <a href=\"https:\/\/agora.xtec.cat\/cee-canoriol\/general\/xocolatada-de-fi-de-curs\/\" title=\"Read Xocolatada de fi de curs\">Llegeix m\u00e9s\u00bb<\/a><\/p>\n","protected":false},"author":1,"featured_media":0,"comment_status":"open","ping_status":"closed","sticky":false,"template":"","format":"standard","meta":{"_bbp_topic_count":0,"_bbp_reply_count":0,"_bbp_total_topic_count":0,"_bbp_total_reply_count":0,"_bbp_voice_count":0,"_bbp_anonymous_reply_count":0,"_bbp_topic_count_hidden":0,"_bbp_reply_count_hidden":0,"_bbp_forum_subforum_count":0,"footnotes":""},"categories":[7,3,8,1,4],"tags":[112,114],"class_list":["post-1017","post","type-post","status-publish","format-standard","hentry","category-ampa","category-infantil-i-primaria","category-secundaria","category-general","category-portada","tag-families","tag-festes-escola"],"post_mailing_queue_ids":[],"_links":{"self":[{"href":"https:\/\/agora.xtec.cat\/cee-canoriol\/wp-json\/wp\/v2\/posts\/1017","targetHints":{"allow":["GET"]}}],"collection":[{"href":"https:\/\/agora.xtec.cat\/cee-canoriol\/wp-json\/wp\/v2\/posts"}],"about":[{"href":"https:\/\/agora.xtec.cat\/cee-canoriol\/wp-json\/wp\/v2\/types\/post"}],"author":[{"embeddable":true,"href":"https:\/\/agora.xtec.cat\/cee-canoriol\/wp-json\/wp\/v2\/users\/1"}],"replies":[{"embeddable":true,"href":"https:\/\/agora.xtec.cat\/cee-canoriol\/wp-json\/wp\/v2\/comments?post=1017"}],"version-history":[{"count":3,"href":"https:\/\/agora.xtec.cat\/cee-canoriol\/wp-json\/wp\/v2\/posts\/1017\/revisions"}],"predecessor-version":[{"id":1027,"href":"https:\/\/agora.xtec.cat\/cee-canoriol\/wp-json\/wp\/v2\/posts\/1017\/revisions\/1027"}],"wp:attachment":[{"href":"https:\/\/agora.xtec.cat\/cee-canoriol\/wp-json\/wp\/v2\/media?parent=1017"}],"wp:term":[{"taxonomy":"category","embeddable":true,"href":"https:\/\/agora.xtec.cat\/cee-canoriol\/wp-json\/wp\/v2\/categories?post=1017"},{"taxonomy":"post_tag","embeddable":true,"href":"https:\/\/agora.xtec.cat\/cee-canoriol\/wp-json\/wp\/v2\/tags?post=1017"}],"curies":[{"name":"wp","href":"https:\/\/api.w.org\/{rel}","templated":true}]}}