{"id":1012,"date":"2021-07-30T08:31:45","date_gmt":"2021-07-30T06:31:45","guid":{"rendered":"https:\/\/agora.xtec.cat\/cee-canoriol\/?p=1012"},"modified":"2023-04-05T20:24:41","modified_gmt":"2023-04-05T18:24:41","slug":"sala-destimulacio-multisensorial","status":"publish","type":"post","link":"https:\/\/agora.xtec.cat\/cee-canoriol\/general\/sala-destimulacio-multisensorial\/","title":{"rendered":"Sala d&#8217;estimulaci\u00f3 multisensorial"},"content":{"rendered":"<p style=\"text-align: justify;\">Enguany a l&#8217;escola hem pogut gaudir d&#8217;una nova i equipada <strong>sala d&#8217;estimulaci\u00f3 multisensorial<\/strong>. Feia cursos que com a escola ten\u00edem la necessitat d&#8217;un espai habilitat i adequat, amb el material imprescindible, per donar resposta a aquell alumnat que requereix una atenci\u00f3 individual i d&#8217;una estimulaci\u00f3 sensorial a tots nivells. Un espai de relaxaci\u00f3 que afavoreixi l&#8217;atenci\u00f3 de l&#8217;alumnat, l&#8217;exploraci\u00f3, trobar el propi benestar i estimular i desenvolupar aquelles habilitats en l&#8217;alumnat que el fan connectar i interactuar amb el seu entorn.<\/p>\n<p style=\"text-align: justify;\">L&#8217;estiu passat se&#8217;n van realitzar les obres d&#8217;adequaci\u00f3 de l&#8217;espai i es va adquirir una bona part del mobiliari necessari. En la mesura que es pugui s&#8217;anir\u00e0 adquirint aquell material que es consideri necessari i ampliant el ventall de possibilitats de l&#8217;espai.<\/p>\n<p style=\"text-align: justify;\">Perqu\u00e8 us feu una idea del treball que s&#8217;ha fet al llarg del curs a la sala d&#8217;estimulaci\u00f3 multisensorial, us compartim un <a href=\"https:\/\/youtu.be\/ePziubZiQzE\">enlla\u00e7<\/a> a un v\u00eddeo que desitgem que us faci emocionar.<\/p>\n<p><img loading=\"lazy\" decoding=\"async\" class=\"aligncenter size-large wp-image-1013\" src=\"https:\/\/agora.xtec.cat\/cee-canoriol\/wp-content\/uploads\/usu1200\/2021\/07\/PicsArt_05-11-08.46.59-1024x1024.jpg\" alt=\"\" width=\"1024\" height=\"1024\" srcset=\"https:\/\/agora.xtec.cat\/cee-canoriol\/wp-content\/uploads\/usu1200\/2021\/07\/PicsArt_05-11-08.46.59-1024x1024.jpg 1024w, https:\/\/agora.xtec.cat\/cee-canoriol\/wp-content\/uploads\/usu1200\/2021\/07\/PicsArt_05-11-08.46.59-300x300.jpg 300w, https:\/\/agora.xtec.cat\/cee-canoriol\/wp-content\/uploads\/usu1200\/2021\/07\/PicsArt_05-11-08.46.59-150x150.jpg 150w, https:\/\/agora.xtec.cat\/cee-canoriol\/wp-content\/uploads\/usu1200\/2021\/07\/PicsArt_05-11-08.46.59-768x768.jpg 768w, https:\/\/agora.xtec.cat\/cee-canoriol\/wp-content\/uploads\/usu1200\/2021\/07\/PicsArt_05-11-08.46.59-1536x1536.jpg 1536w, https:\/\/agora.xtec.cat\/cee-canoriol\/wp-content\/uploads\/usu1200\/2021\/07\/PicsArt_05-11-08.46.59-2048x2048.jpg 2048w\" sizes=\"auto, (max-width: 1024px) 100vw, 1024px\" \/><\/p>\n","protected":false},"excerpt":{"rendered":"<p>Enguany a l&#8217;escola hem pogut gaudir d&#8217;una nova i equipada sala d&#8217;estimulaci\u00f3 multisensorial. Feia cursos que com a escola ten\u00edem la necessitat d&#8217;un espai habilitat i adequat, amb el material imprescindible, per donar resposta a aquell alumnat que requereix una atenci\u00f3 individual i d&#8217;una estimulaci\u00f3&hellip;  <a href=\"https:\/\/agora.xtec.cat\/cee-canoriol\/general\/sala-destimulacio-multisensorial\/\" title=\"Read Sala d&#8217;estimulaci\u00f3 multisensorial\">Llegeix m\u00e9s\u00bb<\/a><\/p>\n","protected":false},"author":1,"featured_media":1014,"comment_status":"open","ping_status":"closed","sticky":false,"template":"","format":"standard","meta":{"_bbp_topic_count":0,"_bbp_reply_count":0,"_bbp_total_topic_count":0,"_bbp_total_reply_count":0,"_bbp_voice_count":0,"_bbp_anonymous_reply_count":0,"_bbp_topic_count_hidden":0,"_bbp_reply_count_hidden":0,"_bbp_forum_subforum_count":0,"footnotes":""},"categories":[3,8,1,4],"tags":[113],"class_list":["post-1012","post","type-post","status-publish","format-standard","has-post-thumbnail","hentry","category-infantil-i-primaria","category-secundaria","category-general","category-portada","tag-estimulacio-sensorial"],"post_mailing_queue_ids":[],"_links":{"self":[{"href":"https:\/\/agora.xtec.cat\/cee-canoriol\/wp-json\/wp\/v2\/posts\/1012","targetHints":{"allow":["GET"]}}],"collection":[{"href":"https:\/\/agora.xtec.cat\/cee-canoriol\/wp-json\/wp\/v2\/posts"}],"about":[{"href":"https:\/\/agora.xtec.cat\/cee-canoriol\/wp-json\/wp\/v2\/types\/post"}],"author":[{"embeddable":true,"href":"https:\/\/agora.xtec.cat\/cee-canoriol\/wp-json\/wp\/v2\/users\/1"}],"replies":[{"embeddable":true,"href":"https:\/\/agora.xtec.cat\/cee-canoriol\/wp-json\/wp\/v2\/comments?post=1012"}],"version-history":[{"count":3,"href":"https:\/\/agora.xtec.cat\/cee-canoriol\/wp-json\/wp\/v2\/posts\/1012\/revisions"}],"predecessor-version":[{"id":1032,"href":"https:\/\/agora.xtec.cat\/cee-canoriol\/wp-json\/wp\/v2\/posts\/1012\/revisions\/1032"}],"wp:featuredmedia":[{"embeddable":true,"href":"https:\/\/agora.xtec.cat\/cee-canoriol\/wp-json\/wp\/v2\/media\/1014"}],"wp:attachment":[{"href":"https:\/\/agora.xtec.cat\/cee-canoriol\/wp-json\/wp\/v2\/media?parent=1012"}],"wp:term":[{"taxonomy":"category","embeddable":true,"href":"https:\/\/agora.xtec.cat\/cee-canoriol\/wp-json\/wp\/v2\/categories?post=1012"},{"taxonomy":"post_tag","embeddable":true,"href":"https:\/\/agora.xtec.cat\/cee-canoriol\/wp-json\/wp\/v2\/tags?post=1012"}],"curies":[{"name":"wp","href":"https:\/\/api.w.org\/{rel}","templated":true}]}}