{"id":1008,"date":"2021-06-21T08:27:29","date_gmt":"2021-06-21T06:27:29","guid":{"rendered":"https:\/\/agora.xtec.cat\/cee-canoriol\/?p=1008"},"modified":"2021-07-31T08:14:05","modified_gmt":"2021-07-31T06:14:05","slug":"les-activitats-ludiques-daquest-curs-tan-estrany","status":"publish","type":"post","link":"https:\/\/agora.xtec.cat\/cee-canoriol\/portada\/les-activitats-ludiques-daquest-curs-tan-estrany\/","title":{"rendered":"Les activitats l\u00fadiques d&#8217;aquest curs tan estrany"},"content":{"rendered":"<p style=\"text-align: justify;\">Com a conseq\u00fc\u00e8ncia de les mesures Covid-19, aquest curs no s&#8217;han pogut plantejar les activitats, sortides i col\u00f2nies habituals. Per\u00f2 no hem volgut perdre l&#8217;oportunitat de gaudir d&#8217;alguns\u00a0 espectacles que ens han vingut a fer al pati de l&#8217;escola.<\/p>\n<p style=\"text-align: justify;\">El passat <strong>25 de mar\u00e7<\/strong> la conta contes CRISSPETA\u00a0 va venir a explicar el conte &#8220;L&#8217;animal m\u00e9s gran del m\u00f3n&#8221; i la hist\u00f2ria de &#8220;El senyor Joan i el senyor Ramon&#8221;. Dues hist\u00f2ries diferents adequades a les edats i a les capacitats i habilitats dels alumnes, amb missatges per a la reflexi\u00f3. Els contes estaven animats amb materials visuals diversos que els van fer encara m\u00e9s atractius.<\/p>\n<p><img loading=\"lazy\" decoding=\"async\" class=\"aligncenter size-large wp-image-1000\" src=\"https:\/\/agora.xtec.cat\/cee-canoriol\/wp-content\/uploads\/usu1200\/2021\/06\/IMG-20210325-WA0026-1024x576.jpg\" alt=\"\" width=\"1024\" height=\"576\" srcset=\"https:\/\/agora.xtec.cat\/cee-canoriol\/wp-content\/uploads\/usu1200\/2021\/06\/IMG-20210325-WA0026-1024x576.jpg 1024w, https:\/\/agora.xtec.cat\/cee-canoriol\/wp-content\/uploads\/usu1200\/2021\/06\/IMG-20210325-WA0026-300x169.jpg 300w, https:\/\/agora.xtec.cat\/cee-canoriol\/wp-content\/uploads\/usu1200\/2021\/06\/IMG-20210325-WA0026-768x432.jpg 768w, https:\/\/agora.xtec.cat\/cee-canoriol\/wp-content\/uploads\/usu1200\/2021\/06\/IMG-20210325-WA0026.jpg 1600w\" sizes=\"auto, (max-width: 1024px) 100vw, 1024px\" \/><\/p>\n<p><img loading=\"lazy\" decoding=\"async\" class=\"aligncenter size-large wp-image-999\" src=\"https:\/\/agora.xtec.cat\/cee-canoriol\/wp-content\/uploads\/usu1200\/2021\/06\/20210325_120320-1024x472.jpg\" alt=\"\" width=\"1024\" height=\"472\" srcset=\"https:\/\/agora.xtec.cat\/cee-canoriol\/wp-content\/uploads\/usu1200\/2021\/06\/20210325_120320-1024x472.jpg 1024w, https:\/\/agora.xtec.cat\/cee-canoriol\/wp-content\/uploads\/usu1200\/2021\/06\/20210325_120320-300x138.jpg 300w, https:\/\/agora.xtec.cat\/cee-canoriol\/wp-content\/uploads\/usu1200\/2021\/06\/20210325_120320-768x354.jpg 768w\" sizes=\"auto, (max-width: 1024px) 100vw, 1024px\" \/><\/p>\n<p style=\"text-align: justify;\">El passat <strong>27 de maig<\/strong> PEDAGOGIA DE L&#8217;ESPECTACLE va oferir-nos l&#8217;espectacle de teatre &#8220;Jana i els sentiments&#8221;. Aquest cop no va poder ser, com \u00e9s habitual, al Teatre La Sala de Rub\u00ed, aix\u00ed que el van venir a representar al pati de l&#8217;escola.<\/p>\n<p><img loading=\"lazy\" decoding=\"async\" class=\"aligncenter size-large wp-image-1010\" src=\"https:\/\/agora.xtec.cat\/cee-canoriol\/wp-content\/uploads\/usu1200\/2021\/06\/IMG_20210527_112527-Copy-1024x768.jpg\" alt=\"\" width=\"1024\" height=\"768\" srcset=\"https:\/\/agora.xtec.cat\/cee-canoriol\/wp-content\/uploads\/usu1200\/2021\/06\/IMG_20210527_112527-Copy-1024x768.jpg 1024w, https:\/\/agora.xtec.cat\/cee-canoriol\/wp-content\/uploads\/usu1200\/2021\/06\/IMG_20210527_112527-Copy-300x225.jpg 300w, https:\/\/agora.xtec.cat\/cee-canoriol\/wp-content\/uploads\/usu1200\/2021\/06\/IMG_20210527_112527-Copy-768x576.jpg 768w, https:\/\/agora.xtec.cat\/cee-canoriol\/wp-content\/uploads\/usu1200\/2021\/06\/IMG_20210527_112527-Copy-200x150.jpg 200w, https:\/\/agora.xtec.cat\/cee-canoriol\/wp-content\/uploads\/usu1200\/2021\/06\/IMG_20210527_112527-Copy.jpg 1632w\" sizes=\"auto, (max-width: 1024px) 100vw, 1024px\" \/><\/p>\n","protected":false},"excerpt":{"rendered":"<p>Com a conseq\u00fc\u00e8ncia de les mesures Covid-19, aquest curs no s&#8217;han pogut plantejar les activitats, sortides i col\u00f2nies habituals. Per\u00f2 no hem volgut perdre l&#8217;oportunitat de gaudir d&#8217;alguns\u00a0 espectacles que ens han vingut a fer al pati de l&#8217;escola.<br \/>\nEl passat 25 de mar\u00e7 la conta&hellip;  <a href=\"https:\/\/agora.xtec.cat\/cee-canoriol\/portada\/les-activitats-ludiques-daquest-curs-tan-estrany\/\" title=\"Read Les activitats l\u00fadiques d&#8217;aquest curs tan estrany\">Llegeix m\u00e9s\u00bb<\/a><\/p>\n","protected":false},"author":1,"featured_media":0,"comment_status":"open","ping_status":"closed","sticky":false,"template":"","format":"standard","meta":{"_bbp_topic_count":0,"_bbp_reply_count":0,"_bbp_total_topic_count":0,"_bbp_total_reply_count":0,"_bbp_voice_count":0,"_bbp_anonymous_reply_count":0,"_bbp_topic_count_hidden":0,"_bbp_reply_count_hidden":0,"_bbp_forum_subforum_count":0,"footnotes":""},"categories":[4],"tags":[],"class_list":["post-1008","post","type-post","status-publish","format-standard","hentry","category-portada"],"post_mailing_queue_ids":[],"_links":{"self":[{"href":"https:\/\/agora.xtec.cat\/cee-canoriol\/wp-json\/wp\/v2\/posts\/1008","targetHints":{"allow":["GET"]}}],"collection":[{"href":"https:\/\/agora.xtec.cat\/cee-canoriol\/wp-json\/wp\/v2\/posts"}],"about":[{"href":"https:\/\/agora.xtec.cat\/cee-canoriol\/wp-json\/wp\/v2\/types\/post"}],"author":[{"embeddable":true,"href":"https:\/\/agora.xtec.cat\/cee-canoriol\/wp-json\/wp\/v2\/users\/1"}],"replies":[{"embeddable":true,"href":"https:\/\/agora.xtec.cat\/cee-canoriol\/wp-json\/wp\/v2\/comments?post=1008"}],"version-history":[{"count":3,"href":"https:\/\/agora.xtec.cat\/cee-canoriol\/wp-json\/wp\/v2\/posts\/1008\/revisions"}],"predecessor-version":[{"id":1034,"href":"https:\/\/agora.xtec.cat\/cee-canoriol\/wp-json\/wp\/v2\/posts\/1008\/revisions\/1034"}],"wp:attachment":[{"href":"https:\/\/agora.xtec.cat\/cee-canoriol\/wp-json\/wp\/v2\/media?parent=1008"}],"wp:term":[{"taxonomy":"category","embeddable":true,"href":"https:\/\/agora.xtec.cat\/cee-canoriol\/wp-json\/wp\/v2\/categories?post=1008"},{"taxonomy":"post_tag","embeddable":true,"href":"https:\/\/agora.xtec.cat\/cee-canoriol\/wp-json\/wp\/v2\/tags?post=1008"}],"curies":[{"name":"wp","href":"https:\/\/api.w.org\/{rel}","templated":true}]}}