{"id":1002,"date":"2021-06-21T07:49:29","date_gmt":"2021-06-21T05:49:29","guid":{"rendered":"https:\/\/agora.xtec.cat\/cee-canoriol\/?p=1002"},"modified":"2021-07-31T08:14:32","modified_gmt":"2021-07-31T06:14:32","slug":"activitats-compartides","status":"publish","type":"post","link":"https:\/\/agora.xtec.cat\/cee-canoriol\/portada\/activitats-compartides\/","title":{"rendered":"Activitats compartides"},"content":{"rendered":"<p style=\"text-align: justify;\">Aquest curs, a conseq\u00fc\u00e8ncia de la situaci\u00f3 esdevinguda per la pand\u00e8mia per Covid-19, no s&#8217;han pogut dur a terme les activitats compartides plantejades dins del <strong>Projecte d&#8217;escola compartida amb l&#8217;Institut escola Teresa Altet<\/strong>. Aix\u00ed i tot, cap al tercer trimestre i coincidint amb la millora de la situaci\u00f3 i la relaxaci\u00f3 de les restriccions, els grups G3 i G10 de l&#8217;escola han participat d&#8217;una jornada esportiva compartida amb els alumnes de 5\u00e8 i de 2n d&#8217;ESO del Teresa Altet. Han estat unes jornades esportives en les quals s&#8217;han practicat el p\u00e0del i el rugbi, respectant en tot moment els grups bombolla i les mesures de dist\u00e0ncia i seguretat establertes.<\/p>\n<p><img loading=\"lazy\" decoding=\"async\" class=\"aligncenter wp-image-1003 size-large\" src=\"https:\/\/agora.xtec.cat\/cee-canoriol\/wp-content\/uploads\/usu1200\/2021\/06\/20210317_115328-Copy-1024x576.jpg\" alt=\"\" width=\"1024\" height=\"576\" srcset=\"https:\/\/agora.xtec.cat\/cee-canoriol\/wp-content\/uploads\/usu1200\/2021\/06\/20210317_115328-Copy-1024x576.jpg 1024w, https:\/\/agora.xtec.cat\/cee-canoriol\/wp-content\/uploads\/usu1200\/2021\/06\/20210317_115328-Copy-300x169.jpg 300w, https:\/\/agora.xtec.cat\/cee-canoriol\/wp-content\/uploads\/usu1200\/2021\/06\/20210317_115328-Copy-768x432.jpg 768w, https:\/\/agora.xtec.cat\/cee-canoriol\/wp-content\/uploads\/usu1200\/2021\/06\/20210317_115328-Copy.jpg 2016w\" sizes=\"auto, (max-width: 1024px) 100vw, 1024px\" \/> <img loading=\"lazy\" decoding=\"async\" class=\"aligncenter wp-image-1001 size-large\" src=\"https:\/\/agora.xtec.cat\/cee-canoriol\/wp-content\/uploads\/usu1200\/2021\/06\/IMG-20210622-WA0007-1024x768.jpg\" alt=\"\" width=\"1024\" height=\"768\" srcset=\"https:\/\/agora.xtec.cat\/cee-canoriol\/wp-content\/uploads\/usu1200\/2021\/06\/IMG-20210622-WA0007-1024x768.jpg 1024w, https:\/\/agora.xtec.cat\/cee-canoriol\/wp-content\/uploads\/usu1200\/2021\/06\/IMG-20210622-WA0007-300x225.jpg 300w, https:\/\/agora.xtec.cat\/cee-canoriol\/wp-content\/uploads\/usu1200\/2021\/06\/IMG-20210622-WA0007-768x576.jpg 768w, https:\/\/agora.xtec.cat\/cee-canoriol\/wp-content\/uploads\/usu1200\/2021\/06\/IMG-20210622-WA0007-200x150.jpg 200w, https:\/\/agora.xtec.cat\/cee-canoriol\/wp-content\/uploads\/usu1200\/2021\/06\/IMG-20210622-WA0007.jpg 2000w\" sizes=\"auto, (max-width: 1024px) 100vw, 1024px\" \/><\/p>\n","protected":false},"excerpt":{"rendered":"<p>Aquest curs, a conseq\u00fc\u00e8ncia de la situaci\u00f3 esdevinguda per la pand\u00e8mia per Covid-19, no s&#8217;han pogut dur a terme les activitats compartides plantejades dins del Projecte d&#8217;escola compartida amb l&#8217;Institut escola Teresa Altet. Aix\u00ed i tot, cap al tercer trimestre i coincidint amb la millora&hellip;  <a href=\"https:\/\/agora.xtec.cat\/cee-canoriol\/portada\/activitats-compartides\/\" title=\"Read Activitats compartides\">Llegeix m\u00e9s\u00bb<\/a><\/p>\n","protected":false},"author":1,"featured_media":0,"comment_status":"open","ping_status":"closed","sticky":false,"template":"","format":"standard","meta":{"_bbp_topic_count":0,"_bbp_reply_count":0,"_bbp_total_topic_count":0,"_bbp_total_reply_count":0,"_bbp_voice_count":0,"_bbp_anonymous_reply_count":0,"_bbp_topic_count_hidden":0,"_bbp_reply_count_hidden":0,"_bbp_forum_subforum_count":0,"footnotes":""},"categories":[4],"tags":[],"class_list":["post-1002","post","type-post","status-publish","format-standard","hentry","category-portada"],"post_mailing_queue_ids":[],"_links":{"self":[{"href":"https:\/\/agora.xtec.cat\/cee-canoriol\/wp-json\/wp\/v2\/posts\/1002","targetHints":{"allow":["GET"]}}],"collection":[{"href":"https:\/\/agora.xtec.cat\/cee-canoriol\/wp-json\/wp\/v2\/posts"}],"about":[{"href":"https:\/\/agora.xtec.cat\/cee-canoriol\/wp-json\/wp\/v2\/types\/post"}],"author":[{"embeddable":true,"href":"https:\/\/agora.xtec.cat\/cee-canoriol\/wp-json\/wp\/v2\/users\/1"}],"replies":[{"embeddable":true,"href":"https:\/\/agora.xtec.cat\/cee-canoriol\/wp-json\/wp\/v2\/comments?post=1002"}],"version-history":[{"count":3,"href":"https:\/\/agora.xtec.cat\/cee-canoriol\/wp-json\/wp\/v2\/posts\/1002\/revisions"}],"predecessor-version":[{"id":1035,"href":"https:\/\/agora.xtec.cat\/cee-canoriol\/wp-json\/wp\/v2\/posts\/1002\/revisions\/1035"}],"wp:attachment":[{"href":"https:\/\/agora.xtec.cat\/cee-canoriol\/wp-json\/wp\/v2\/media?parent=1002"}],"wp:term":[{"taxonomy":"category","embeddable":true,"href":"https:\/\/agora.xtec.cat\/cee-canoriol\/wp-json\/wp\/v2\/categories?post=1002"},{"taxonomy":"post_tag","embeddable":true,"href":"https:\/\/agora.xtec.cat\/cee-canoriol\/wp-json\/wp\/v2\/tags?post=1002"}],"curies":[{"name":"wp","href":"https:\/\/api.w.org\/{rel}","templated":true}]}}