{"id":3216,"date":"2024-12-18T18:05:55","date_gmt":"2024-12-18T17:05:55","guid":{"rendered":"https:\/\/agora.xtec.cat\/baldirireixach\/?p=3216"},"modified":"2024-12-18T18:05:55","modified_gmt":"2024-12-18T17:05:55","slug":"concert-juguem-amb-cordes-nadal-2024","status":"publish","type":"post","link":"https:\/\/agora.xtec.cat\/baldirireixach\/portada\/concert-juguem-amb-cordes-nadal-2024\/","title":{"rendered":"Concert Juguem amb cordes &#8211; Nadal 2024"},"content":{"rendered":"<p><span style=\"font-weight: 400;\">Benvolgudes fam\u00edlies,<\/span><\/p>\n<p><span style=\"font-weight: 400;\">Els alumnes de cicle mitj\u00e0 i superior que participen en el projecte &#8220;Juguem amb cordes&#8221;, el dijous 12 de desembre van dur a terme un concert de nadal amb l&#8217;ajuda de Josep Ramon Llobet, Maria Cuatrecasas i Jordi Ortega. Els professors de l&#8217;escola de m\u00fasica han aconseguit que els nostres alumnes s&#8217;engresquin per la m\u00fasica, concretament per tocar el viol\u00ed i el violoncel. Per acabar, alguns alumnes de 6\u00e8 i exalumnes que van formar part del projecte i que actualment continuen el seu aprenentatge musical fora de l&#8217;escola, van participar al concert mostrant el seu seguiment i dedicaci\u00f3 dins el m\u00f3n de la m\u00fasica. Us deixem un v\u00eddeo de l\u2019esdeveniment. Esperem que us agradi!<\/span><\/p>\n<p><a href=\"https:\/\/youtu.be\/tXsm_tHrov8\"><span style=\"font-weight: 400;\">Concert d\u2019orquestra<\/span><\/a><\/p>\n<p><img loading=\"lazy\" decoding=\"async\" class=\"alignnone size-full wp-image-3217\" src=\"https:\/\/agora.xtec.cat\/baldirireixach\/wp-content\/uploads\/usu2124\/2024\/12\/3-2.png\" alt=\"\" width=\"1000\" height=\"1000\" srcset=\"https:\/\/agora.xtec.cat\/baldirireixach\/wp-content\/uploads\/usu2124\/2024\/12\/3-2.png 1000w, https:\/\/agora.xtec.cat\/baldirireixach\/wp-content\/uploads\/usu2124\/2024\/12\/3-2-300x300.png 300w, https:\/\/agora.xtec.cat\/baldirireixach\/wp-content\/uploads\/usu2124\/2024\/12\/3-2-150x150.png 150w, https:\/\/agora.xtec.cat\/baldirireixach\/wp-content\/uploads\/usu2124\/2024\/12\/3-2-768x768.png 768w\" sizes=\"auto, (max-width: 1000px) 100vw, 1000px\" \/><\/p>\n","protected":false},"excerpt":{"rendered":"<p>Benvolgudes fam\u00edlies, Els alumnes de cicle mitj\u00e0 i superior que participen en el projecte &#8220;Juguem amb cordes&#8221;, el dijous 12 de desembre van dur a terme un concert de nadal amb l&#8217;ajuda de Josep Ramon Llobet, Maria Cuatrecasas i Jordi Ortega. Els professors de l&#8217;escola de m\u00fasica han aconseguit que els nostres alumnes s&#8217;engresquin per [&hellip;]<\/p>\n","protected":false},"author":1,"featured_media":3218,"comment_status":"closed","ping_status":"closed","sticky":false,"template":"","format":"standard","meta":{"_bbp_topic_count":0,"_bbp_reply_count":0,"_bbp_total_topic_count":0,"_bbp_total_reply_count":0,"_bbp_voice_count":0,"_bbp_anonymous_reply_count":0,"_bbp_topic_count_hidden":0,"_bbp_reply_count_hidden":0,"_bbp_forum_subforum_count":0,"site-sidebar-layout":"default","site-content-layout":"","ast-site-content-layout":"","site-content-style":"default","site-sidebar-style":"default","ast-global-header-display":"","ast-banner-title-visibility":"","ast-main-header-display":"","ast-hfb-above-header-display":"","ast-hfb-below-header-display":"","ast-hfb-mobile-header-display":"","site-post-title":"","ast-breadcrumbs-content":"","ast-featured-img":"","footer-sml-layout":"","theme-transparent-header-meta":"","adv-header-id-meta":"","stick-header-meta":"","header-above-stick-meta":"","header-main-stick-meta":"","header-below-stick-meta":"","astra-migrate-meta-layouts":"default","ast-page-background-enabled":"default","ast-page-background-meta":{"desktop":{"background-color":"var(--ast-global-color-4)","background-image":"","background-repeat":"repeat","background-position":"center center","background-size":"auto","background-attachment":"scroll","background-type":"","background-media":"","overlay-type":"","overlay-color":"","overlay-opacity":"","overlay-gradient":""},"tablet":{"background-color":"","background-image":"","background-repeat":"repeat","background-position":"center center","background-size":"auto","background-attachment":"scroll","background-type":"","background-media":"","overlay-type":"","overlay-color":"","overlay-opacity":"","overlay-gradient":""},"mobile":{"background-color":"","background-image":"","background-repeat":"repeat","background-position":"center center","background-size":"auto","background-attachment":"scroll","background-type":"","background-media":"","overlay-type":"","overlay-color":"","overlay-opacity":"","overlay-gradient":""}},"ast-content-background-meta":{"desktop":{"background-color":"var(--ast-global-color-5)","background-image":"","background-repeat":"repeat","background-position":"center center","background-size":"auto","background-attachment":"scroll","background-type":"","background-media":"","overlay-type":"","overlay-color":"","overlay-opacity":"","overlay-gradient":""},"tablet":{"background-color":"var(--ast-global-color-5)","background-image":"","background-repeat":"repeat","background-position":"center center","background-size":"auto","background-attachment":"scroll","background-type":"","background-media":"","overlay-type":"","overlay-color":"","overlay-opacity":"","overlay-gradient":""},"mobile":{"background-color":"var(--ast-global-color-5)","background-image":"","background-repeat":"repeat","background-position":"center center","background-size":"auto","background-attachment":"scroll","background-type":"","background-media":"","overlay-type":"","overlay-color":"","overlay-opacity":"","overlay-gradient":""}},"footnotes":""},"categories":[12,65,4,5],"tags":[132,326,178,88,293],"class_list":["post-3216","post","type-post","status-publish","format-standard","has-post-thumbnail","hentry","category-cicle_mitja","category-cicle_superior","category-portada","category-primaria","tag-cicle-mitja","tag-cicle-superior","tag-escola-de-musica","tag-juguem-amb-cordes","tag-orquestra"],"post_mailing_queue_ids":[],"_links":{"self":[{"href":"https:\/\/agora.xtec.cat\/baldirireixach\/wp-json\/wp\/v2\/posts\/3216","targetHints":{"allow":["GET"]}}],"collection":[{"href":"https:\/\/agora.xtec.cat\/baldirireixach\/wp-json\/wp\/v2\/posts"}],"about":[{"href":"https:\/\/agora.xtec.cat\/baldirireixach\/wp-json\/wp\/v2\/types\/post"}],"author":[{"embeddable":true,"href":"https:\/\/agora.xtec.cat\/baldirireixach\/wp-json\/wp\/v2\/users\/1"}],"replies":[{"embeddable":true,"href":"https:\/\/agora.xtec.cat\/baldirireixach\/wp-json\/wp\/v2\/comments?post=3216"}],"version-history":[{"count":2,"href":"https:\/\/agora.xtec.cat\/baldirireixach\/wp-json\/wp\/v2\/posts\/3216\/revisions"}],"predecessor-version":[{"id":3220,"href":"https:\/\/agora.xtec.cat\/baldirireixach\/wp-json\/wp\/v2\/posts\/3216\/revisions\/3220"}],"wp:featuredmedia":[{"embeddable":true,"href":"https:\/\/agora.xtec.cat\/baldirireixach\/wp-json\/wp\/v2\/media\/3218"}],"wp:attachment":[{"href":"https:\/\/agora.xtec.cat\/baldirireixach\/wp-json\/wp\/v2\/media?parent=3216"}],"wp:term":[{"taxonomy":"category","embeddable":true,"href":"https:\/\/agora.xtec.cat\/baldirireixach\/wp-json\/wp\/v2\/categories?post=3216"},{"taxonomy":"post_tag","embeddable":true,"href":"https:\/\/agora.xtec.cat\/baldirireixach\/wp-json\/wp\/v2\/tags?post=3216"}],"curies":[{"name":"wp","href":"https:\/\/api.w.org\/{rel}","templated":true}]}}