{"id":9474,"date":"2025-05-13T09:58:54","date_gmt":"2025-05-13T07:58:54","guid":{"rendered":"https:\/\/agora.xtec.cat\/aulahospitalariagtp\/?p=9474"},"modified":"2025-05-16T12:09:42","modified_gmt":"2025-05-16T10:09:42","slug":"el-dimoni-ja-ha-cremat","status":"publish","type":"post","link":"https:\/\/agora.xtec.cat\/aulahospitalariagtp\/general\/el-dimoni-ja-ha-cremat\/","title":{"rendered":"El dimoni ja ha cremat!"},"content":{"rendered":"\n<figure class=\"wp-block-image alignright is-resized\"><img loading=\"lazy\" decoding=\"async\" width=\"1890\" height=\"2520\" src=\"https:\/\/agora.xtec.cat\/aulahospitalariagtp\/wp-content\/uploads\/usu1060\/2025\/05\/IMG-20250507-WA0026-edited.jpg\" alt=\"\" class=\"wp-image-9488\" style=\"width:315px;height:auto\" srcset=\"https:\/\/agora.xtec.cat\/aulahospitalariagtp\/wp-content\/uploads\/usu1060\/2025\/05\/IMG-20250507-WA0026-edited.jpg 1890w, https:\/\/agora.xtec.cat\/aulahospitalariagtp\/wp-content\/uploads\/usu1060\/2025\/05\/IMG-20250507-WA0026-edited-225x300.jpg 225w, https:\/\/agora.xtec.cat\/aulahospitalariagtp\/wp-content\/uploads\/usu1060\/2025\/05\/IMG-20250507-WA0026-edited-768x1024.jpg 768w, https:\/\/agora.xtec.cat\/aulahospitalariagtp\/wp-content\/uploads\/usu1060\/2025\/05\/IMG-20250507-WA0026-edited-1152x1536.jpg 1152w, https:\/\/agora.xtec.cat\/aulahospitalariagtp\/wp-content\/uploads\/usu1060\/2025\/05\/IMG-20250507-WA0026-edited-1536x2048.jpg 1536w\" sizes=\"auto, (max-width: 1890px) 100vw, 1890px\" \/><\/figure>\n\n\n\n<figure class=\"wp-block-image alignleft is-resized\"><img loading=\"lazy\" decoding=\"async\" width=\"1920\" height=\"2560\" src=\"https:\/\/agora.xtec.cat\/aulahospitalariagtp\/wp-content\/uploads\/usu1060\/2025\/05\/20250509_125559-1-edited-scaled.jpg\" alt=\"\" class=\"wp-image-9490\" style=\"width:300px;height:auto\" srcset=\"https:\/\/agora.xtec.cat\/aulahospitalariagtp\/wp-content\/uploads\/usu1060\/2025\/05\/20250509_125559-1-edited-scaled.jpg 1920w, https:\/\/agora.xtec.cat\/aulahospitalariagtp\/wp-content\/uploads\/usu1060\/2025\/05\/20250509_125559-1-edited-225x300.jpg 225w, https:\/\/agora.xtec.cat\/aulahospitalariagtp\/wp-content\/uploads\/usu1060\/2025\/05\/20250509_125559-1-edited-768x1024.jpg 768w, https:\/\/agora.xtec.cat\/aulahospitalariagtp\/wp-content\/uploads\/usu1060\/2025\/05\/20250509_125559-1-edited-1152x1536.jpg 1152w, https:\/\/agora.xtec.cat\/aulahospitalariagtp\/wp-content\/uploads\/usu1060\/2025\/05\/20250509_125559-1-edited-1536x2048.jpg 1536w\" sizes=\"auto, (max-width: 1920px) 100vw, 1920px\" \/><\/figure>\n\n\n\n<p>Aquest curs des de l\u2019escola de l\u2019hospital\u00a0 hem volgut participar un altre cop en la diada que es celebra a Badalona durant les Festes de Maig, concretament a la revetlla del dia de Sant Anastasi: la Cremada del dimoni. Hem elaborat un dimoni amb materials reutilitzats i l&#8217;hem anomenat el Dimoni-arbre!<\/p>\n\n\n\n<p>El dimoni l\u2019hem fet&nbsp; a partir de les idees que sortien dels&nbsp; dibuixos dels nens i nenes hospitalitzats. Al final ha quedat un dimoni amb un trident a la m\u00e0, un barret i unes banyes.<\/p>\n\n\n\n<p>El nostre dimoni t\u00e9 la pell de color vermell, tot i que t\u00e9 cares de diferents colors. T\u00e9 les dents en forma de triangle i el nas quadrat, els ulls de color negre i les orelles punxegudes. Al cap t\u00e9 un barret negre i punxegut amb unes banyes que li sobre-surten. Porta una faldilla de colors i agafa fort el seu trident mentre ens saluda amb l&#8217;altra m\u00e0.<\/p>\n\n\n\n<p>Tamb\u00e9 hem fet una r\u00e8plica del dimoni que hi ha a la platja de Badalona per a que tots els infants i joves el puguin veure encara que estiguin dins de l&#8217;hospital. El dimecres 7 el dimoni de l&#8217;aula va baixar a la platja per cremar juntament amb la resta de dimoniets de les escoles de Badalona.<\/p>\n\n\n\n<p>El divendres 9 vam fer la nostra pr\u00f2pia cremada i vam posar-li flames i focs artificials al dimoni de la planta de pediatria per poder gaudir d&#8217;aquest dia tamb\u00e9 des de l&#8217;hospital. Finalment, el dissabte 10 el dimoni de l&#8217;aula va cremar a la platja amb el dimoni d&#8217;aquest any.<\/p>\n\n\n\n<figure class=\"wp-block-image alignleft size-large is-resized\"><img loading=\"lazy\" decoding=\"async\" width=\"1024\" height=\"768\" src=\"https:\/\/agora.xtec.cat\/aulahospitalariagtp\/wp-content\/uploads\/usu1060\/2025\/05\/IMG-20250507-WA0004-1024x768.jpg\" alt=\"\" class=\"wp-image-9486\" style=\"width:340px;height:auto\" srcset=\"https:\/\/agora.xtec.cat\/aulahospitalariagtp\/wp-content\/uploads\/usu1060\/2025\/05\/IMG-20250507-WA0004-1024x768.jpg 1024w, https:\/\/agora.xtec.cat\/aulahospitalariagtp\/wp-content\/uploads\/usu1060\/2025\/05\/IMG-20250507-WA0004-300x225.jpg 300w, https:\/\/agora.xtec.cat\/aulahospitalariagtp\/wp-content\/uploads\/usu1060\/2025\/05\/IMG-20250507-WA0004-768x576.jpg 768w, https:\/\/agora.xtec.cat\/aulahospitalariagtp\/wp-content\/uploads\/usu1060\/2025\/05\/IMG-20250507-WA0004-1536x1152.jpg 1536w, https:\/\/agora.xtec.cat\/aulahospitalariagtp\/wp-content\/uploads\/usu1060\/2025\/05\/IMG-20250507-WA0004.jpg 1600w\" sizes=\"auto, (max-width: 1024px) 100vw, 1024px\" \/><\/figure>\n","protected":false},"excerpt":{"rendered":"<p>Aquest curs des de l\u2019escola de l\u2019hospital\u00a0 hem volgut participar un altre cop en la diada que es celebra a Badalona durant les Festes de Maig, concretament a la revetlla del dia de Sant Anastasi: la Cremada del dimoni. Hem elaborat un dimoni amb materials reutilitzats i l&#8217;hem anomenat el Dimoni-arbre! El dimoni l\u2019hem fet&nbsp; [&hellip;]<\/p>\n","protected":false},"author":1,"featured_media":9486,"comment_status":"open","ping_status":"open","sticky":false,"template":"","format":"standard","meta":{"_bbp_topic_count":0,"_bbp_reply_count":0,"_bbp_total_topic_count":0,"_bbp_total_reply_count":0,"_bbp_voice_count":0,"_bbp_anonymous_reply_count":0,"_bbp_topic_count_hidden":0,"_bbp_reply_count_hidden":0,"_bbp_forum_subforum_count":0,"site-sidebar-layout":"default","site-content-layout":"","ast-site-content-layout":"default","site-content-style":"default","site-sidebar-style":"default","ast-global-header-display":"","ast-banner-title-visibility":"","ast-main-header-display":"","ast-hfb-above-header-display":"","ast-hfb-below-header-display":"","ast-hfb-mobile-header-display":"","site-post-title":"","ast-breadcrumbs-content":"","ast-featured-img":"","footer-sml-layout":"","theme-transparent-header-meta":"","adv-header-id-meta":"","stick-header-meta":"","header-above-stick-meta":"","header-main-stick-meta":"","header-below-stick-meta":"","astra-migrate-meta-layouts":"set","ast-page-background-enabled":"default","ast-page-background-meta":{"desktop":{"background-color":"var(--ast-global-color-4)","background-image":"","background-repeat":"repeat","background-position":"center center","background-size":"auto","background-attachment":"scroll","background-type":"","background-media":"","overlay-type":"","overlay-color":"","overlay-opacity":"","overlay-gradient":""},"tablet":{"background-color":"","background-image":"","background-repeat":"repeat","background-position":"center center","background-size":"auto","background-attachment":"scroll","background-type":"","background-media":"","overlay-type":"","overlay-color":"","overlay-opacity":"","overlay-gradient":""},"mobile":{"background-color":"","background-image":"","background-repeat":"repeat","background-position":"center center","background-size":"auto","background-attachment":"scroll","background-type":"","background-media":"","overlay-type":"","overlay-color":"","overlay-opacity":"","overlay-gradient":""}},"ast-content-background-meta":{"desktop":{"background-color":"var(--ast-global-color-5)","background-image":"","background-repeat":"repeat","background-position":"center center","background-size":"auto","background-attachment":"scroll","background-type":"","background-media":"","overlay-type":"","overlay-color":"","overlay-opacity":"","overlay-gradient":""},"tablet":{"background-color":"var(--ast-global-color-5)","background-image":"","background-repeat":"repeat","background-position":"center center","background-size":"auto","background-attachment":"scroll","background-type":"","background-media":"","overlay-type":"","overlay-color":"","overlay-opacity":"","overlay-gradient":""},"mobile":{"background-color":"var(--ast-global-color-5)","background-image":"","background-repeat":"repeat","background-position":"center center","background-size":"auto","background-attachment":"scroll","background-type":"","background-media":"","overlay-type":"","overlay-color":"","overlay-opacity":"","overlay-gradient":""}},"footnotes":""},"categories":[92,168,1,146,71,69],"tags":[],"class_list":["post-9474","post","type-post","status-publish","format-standard","has-post-thumbnail","hentry","category-activitats-obertes","category-curs-2024-25","category-general","category-portada","category-tallers","category-treballs-a-laula"],"post_mailing_queue_ids":[],"_links":{"self":[{"href":"https:\/\/agora.xtec.cat\/aulahospitalariagtp\/wp-json\/wp\/v2\/posts\/9474","targetHints":{"allow":["GET"]}}],"collection":[{"href":"https:\/\/agora.xtec.cat\/aulahospitalariagtp\/wp-json\/wp\/v2\/posts"}],"about":[{"href":"https:\/\/agora.xtec.cat\/aulahospitalariagtp\/wp-json\/wp\/v2\/types\/post"}],"author":[{"embeddable":true,"href":"https:\/\/agora.xtec.cat\/aulahospitalariagtp\/wp-json\/wp\/v2\/users\/1"}],"replies":[{"embeddable":true,"href":"https:\/\/agora.xtec.cat\/aulahospitalariagtp\/wp-json\/wp\/v2\/comments?post=9474"}],"version-history":[{"count":3,"href":"https:\/\/agora.xtec.cat\/aulahospitalariagtp\/wp-json\/wp\/v2\/posts\/9474\/revisions"}],"predecessor-version":[{"id":9491,"href":"https:\/\/agora.xtec.cat\/aulahospitalariagtp\/wp-json\/wp\/v2\/posts\/9474\/revisions\/9491"}],"wp:featuredmedia":[{"embeddable":true,"href":"https:\/\/agora.xtec.cat\/aulahospitalariagtp\/wp-json\/wp\/v2\/media\/9486"}],"wp:attachment":[{"href":"https:\/\/agora.xtec.cat\/aulahospitalariagtp\/wp-json\/wp\/v2\/media?parent=9474"}],"wp:term":[{"taxonomy":"category","embeddable":true,"href":"https:\/\/agora.xtec.cat\/aulahospitalariagtp\/wp-json\/wp\/v2\/categories?post=9474"},{"taxonomy":"post_tag","embeddable":true,"href":"https:\/\/agora.xtec.cat\/aulahospitalariagtp\/wp-json\/wp\/v2\/tags?post=9474"}],"curies":[{"name":"wp","href":"https:\/\/api.w.org\/{rel}","templated":true}]}}