{"id":9309,"date":"2025-04-24T16:08:29","date_gmt":"2025-04-24T14:08:29","guid":{"rendered":"https:\/\/agora.xtec.cat\/aulahospitalariagtp\/?p=9309"},"modified":"2025-04-25T09:12:47","modified_gmt":"2025-04-25T07:12:47","slug":"set-cames-set-setmanes-i-una-vella-molt-peculiar","status":"publish","type":"post","link":"https:\/\/agora.xtec.cat\/aulahospitalariagtp\/general\/set-cames-set-setmanes-i-una-vella-molt-peculiar\/","title":{"rendered":"Set cames, set setmanes&#8230; i una Vella molt peculiar!"},"content":{"rendered":"<p data-start=\"201\" data-end=\"422\"><a href=\"https:\/\/agora.xtec.cat\/aulahospitalariagtp\/wp-content\/uploads\/usu1060\/2025\/04\/20250305_121516-1-scaled.jpg\"><img loading=\"lazy\" decoding=\"async\" class=\"wp-image-9327 alignleft\" src=\"https:\/\/agora.xtec.cat\/aulahospitalariagtp\/wp-content\/uploads\/usu1060\/2025\/04\/20250305_121516-1-225x300.jpg\" alt=\"\" width=\"143\" height=\"191\" srcset=\"https:\/\/agora.xtec.cat\/aulahospitalariagtp\/wp-content\/uploads\/usu1060\/2025\/04\/20250305_121516-1-225x300.jpg 225w, https:\/\/agora.xtec.cat\/aulahospitalariagtp\/wp-content\/uploads\/usu1060\/2025\/04\/20250305_121516-1-768x1024.jpg 768w, https:\/\/agora.xtec.cat\/aulahospitalariagtp\/wp-content\/uploads\/usu1060\/2025\/04\/20250305_121516-1-1152x1536.jpg 1152w, https:\/\/agora.xtec.cat\/aulahospitalariagtp\/wp-content\/uploads\/usu1060\/2025\/04\/20250305_121516-1-1536x2048.jpg 1536w, https:\/\/agora.xtec.cat\/aulahospitalariagtp\/wp-content\/uploads\/usu1060\/2025\/04\/20250305_121516-1-scaled.jpg 1920w\" sizes=\"auto, (max-width: 143px) 100vw, 143px\" \/><\/a>Aquest any, a l\u2019Aula Hospital\u00e0ria de Can Ruti, hem tornat a rebre una visita ben especial: La Vella Quaresma! Potser no \u00e9s la m\u00e9s simp\u00e0tica del m\u00f3n (sempre fa cara de moixa), per\u00f2 \u00e9s tota una cl\u00e0ssica de la tradici\u00f3 catalana. Apareix just despr\u00e9s del Carnestoltes, quan ja hem acabat de fer gresca, i es queda amb nosaltres set setmanes, fins al Diumenge de Rams.<\/p>\n<p data-start=\"201\" data-end=\"422\">Com sabem que ja es va acostant el final? Doncs perqu\u00e8 t\u00e9 set cames i cada divendres n\u2019hi traiem una!<\/p>\n<p data-start=\"681\" data-end=\"941\">Aquest any l\u2019hem fet nosaltres a m\u00e0: entre tots i totes l\u2019hem dibuixat, pintat, retallat i decorat\u2026 i ha quedat genial! Aix\u00f2 s\u00ed, com que \u00e9s molt presumida, li vam posar una sabata diferent a cada peu. No hi ha ning\u00fa amb m\u00e9s estil que ella a l\u2019hospital!<\/p>\n<p data-start=\"943\" data-end=\"1074\">Cada setmana, un grup de nens i nenes ha tingut la missi\u00f3 de treure-li una cama. Aqu\u00ed teniu el s\u00faper equip que ho ha anat fent:<\/p>\n<ul data-start=\"1076\" data-end=\"1366\">\n<li data-start=\"1076\" data-end=\"1117\">\n<p data-start=\"1078\" data-end=\"1117\">1a cama: Joan (2a) i Sara (5a)<\/p>\n<\/li>\n<li data-start=\"1118\" data-end=\"1173\">\n<p data-start=\"1120\" data-end=\"1173\">2a cama: Doua (16a), Evelyn (8a) i Arya (9a)<\/p>\n<\/li>\n<li data-start=\"1118\" data-end=\"1173\">\n<p data-start=\"1120\" data-end=\"1173\">3a cama: Iria (3a)<\/p>\n<\/li>\n<li data-start=\"1204\" data-end=\"1237\">\n<p data-start=\"1206\" data-end=\"1237\">4a cama: Magnolia (4a)<\/p>\n<\/li>\n<li data-start=\"1238\" data-end=\"1291\">\n<p data-start=\"1240\" data-end=\"1291\">5a cama: Maria (9a), Ona (8a) i Radia (7a)<\/p>\n<\/li>\n<li data-start=\"1292\" data-end=\"1322\">\n<p data-start=\"1294\" data-end=\"1322\">6a cama: Arnau (6a)<\/p>\n<\/li>\n<li data-start=\"1323\" data-end=\"1366\">\n<p data-start=\"1325\" data-end=\"1366\">7a cama: Leyre (11a) i Paula (10a)<\/p>\n<\/li>\n<\/ul>\n<p data-start=\"156\" data-end=\"362\">Ha estat molt divertit anar-la veient cada setmana amb una cama menys\u2026 i cada divendres, comptant quantes en quedaven! Ja li hem tret totes les cames, aix\u00ed que aix\u00f2 vol dir que\u2026 la Pasqua ja \u00e9s aqu\u00ed!<\/p>\n<p data-start=\"364\" data-end=\"591\">Aquest any, la primavera se\u2019ns ha avan\u00e7at \u2014ja fa gaireb\u00e9 un mes que la tenim entre nosaltres\u2014, per\u00f2 la nostra estimada Vella Quaresma ens ha ajudat a fer passar les setmanes d\u2019una manera especial, divertida i molt creativa.<\/p>\n<p data-start=\"364\" data-end=\"591\">Aqu\u00ed podeu veure un <strong><a href=\"https:\/\/vimeo.com\/1078323109\/766f137ac2?share=copy\">petit v\u00eddeo sobre la preparaci\u00f3 i el tall de cada cama de La Vella Quaresma.<\/a><\/strong><\/p>\n<p data-start=\"364\" data-end=\"591\">La Vella Quaresma segur que marxa contenta (tot i que no ho sembli mai).<\/p>\n<p data-start=\"593\" data-end=\"749\">Fins l\u2019any que ve!<\/p>\n","protected":false},"excerpt":{"rendered":"<p>Aquest any, a l\u2019Aula Hospital\u00e0ria de Can Ruti, hem tornat a rebre una visita ben especial: La Vella Quaresma! Potser no \u00e9s la m\u00e9s simp\u00e0tica del m\u00f3n (sempre fa cara de moixa), per\u00f2 \u00e9s tota una cl\u00e0ssica de la tradici\u00f3 catalana. Apareix just despr\u00e9s del Carnestoltes, quan ja hem acabat de fer gresca, i es [&hellip;]<\/p>\n","protected":false},"author":1,"featured_media":9327,"comment_status":"open","ping_status":"closed","sticky":false,"template":"","format":"standard","meta":{"_bbp_topic_count":0,"_bbp_reply_count":0,"_bbp_total_topic_count":0,"_bbp_total_reply_count":0,"_bbp_voice_count":0,"_bbp_anonymous_reply_count":0,"_bbp_topic_count_hidden":0,"_bbp_reply_count_hidden":0,"_bbp_forum_subforum_count":0,"site-sidebar-layout":"default","site-content-layout":"","ast-site-content-layout":"","site-content-style":"default","site-sidebar-style":"default","ast-global-header-display":"","ast-banner-title-visibility":"","ast-main-header-display":"","ast-hfb-above-header-display":"","ast-hfb-below-header-display":"","ast-hfb-mobile-header-display":"","site-post-title":"","ast-breadcrumbs-content":"","ast-featured-img":"","footer-sml-layout":"","theme-transparent-header-meta":"","adv-header-id-meta":"","stick-header-meta":"","header-above-stick-meta":"","header-main-stick-meta":"","header-below-stick-meta":"","astra-migrate-meta-layouts":"default","ast-page-background-enabled":"default","ast-page-background-meta":{"desktop":{"background-color":"var(--ast-global-color-4)","background-image":"","background-repeat":"repeat","background-position":"center center","background-size":"auto","background-attachment":"scroll","background-type":"","background-media":"","overlay-type":"","overlay-color":"","overlay-opacity":"","overlay-gradient":""},"tablet":{"background-color":"","background-image":"","background-repeat":"repeat","background-position":"center center","background-size":"auto","background-attachment":"scroll","background-type":"","background-media":"","overlay-type":"","overlay-color":"","overlay-opacity":"","overlay-gradient":""},"mobile":{"background-color":"","background-image":"","background-repeat":"repeat","background-position":"center center","background-size":"auto","background-attachment":"scroll","background-type":"","background-media":"","overlay-type":"","overlay-color":"","overlay-opacity":"","overlay-gradient":""}},"ast-content-background-meta":{"desktop":{"background-color":"var(--ast-global-color-5)","background-image":"","background-repeat":"repeat","background-position":"center center","background-size":"auto","background-attachment":"scroll","background-type":"","background-media":"","overlay-type":"","overlay-color":"","overlay-opacity":"","overlay-gradient":""},"tablet":{"background-color":"var(--ast-global-color-5)","background-image":"","background-repeat":"repeat","background-position":"center center","background-size":"auto","background-attachment":"scroll","background-type":"","background-media":"","overlay-type":"","overlay-color":"","overlay-opacity":"","overlay-gradient":""},"mobile":{"background-color":"var(--ast-global-color-5)","background-image":"","background-repeat":"repeat","background-position":"center center","background-size":"auto","background-attachment":"scroll","background-type":"","background-media":"","overlay-type":"","overlay-color":"","overlay-opacity":"","overlay-gradient":""}},"footnotes":""},"categories":[168,1,146,46,69],"tags":[],"class_list":["post-9309","post","type-post","status-publish","format-standard","has-post-thumbnail","hentry","category-curs-2024-25","category-general","category-portada","category-quaresma","category-treballs-a-laula"],"post_mailing_queue_ids":[],"_links":{"self":[{"href":"https:\/\/agora.xtec.cat\/aulahospitalariagtp\/wp-json\/wp\/v2\/posts\/9309","targetHints":{"allow":["GET"]}}],"collection":[{"href":"https:\/\/agora.xtec.cat\/aulahospitalariagtp\/wp-json\/wp\/v2\/posts"}],"about":[{"href":"https:\/\/agora.xtec.cat\/aulahospitalariagtp\/wp-json\/wp\/v2\/types\/post"}],"author":[{"embeddable":true,"href":"https:\/\/agora.xtec.cat\/aulahospitalariagtp\/wp-json\/wp\/v2\/users\/1"}],"replies":[{"embeddable":true,"href":"https:\/\/agora.xtec.cat\/aulahospitalariagtp\/wp-json\/wp\/v2\/comments?post=9309"}],"version-history":[{"count":7,"href":"https:\/\/agora.xtec.cat\/aulahospitalariagtp\/wp-json\/wp\/v2\/posts\/9309\/revisions"}],"predecessor-version":[{"id":9346,"href":"https:\/\/agora.xtec.cat\/aulahospitalariagtp\/wp-json\/wp\/v2\/posts\/9309\/revisions\/9346"}],"wp:featuredmedia":[{"embeddable":true,"href":"https:\/\/agora.xtec.cat\/aulahospitalariagtp\/wp-json\/wp\/v2\/media\/9327"}],"wp:attachment":[{"href":"https:\/\/agora.xtec.cat\/aulahospitalariagtp\/wp-json\/wp\/v2\/media?parent=9309"}],"wp:term":[{"taxonomy":"category","embeddable":true,"href":"https:\/\/agora.xtec.cat\/aulahospitalariagtp\/wp-json\/wp\/v2\/categories?post=9309"},{"taxonomy":"post_tag","embeddable":true,"href":"https:\/\/agora.xtec.cat\/aulahospitalariagtp\/wp-json\/wp\/v2\/tags?post=9309"}],"curies":[{"name":"wp","href":"https:\/\/api.w.org\/{rel}","templated":true}]}}