{"id":9276,"date":"2025-02-28T14:42:45","date_gmt":"2025-02-28T13:42:45","guid":{"rendered":"https:\/\/agora.xtec.cat\/aulahospitalariagtp\/?p=9276"},"modified":"2025-03-07T13:40:02","modified_gmt":"2025-03-07T12:40:02","slug":"carnaval-2025","status":"publish","type":"post","link":"https:\/\/agora.xtec.cat\/aulahospitalariagtp\/tematics\/carnaval\/carnaval-2025\/","title":{"rendered":"CARNAVAL 2025"},"content":{"rendered":"<p><a href=\"https:\/\/agora.xtec.cat\/aulahospitalariagtp\/wp-content\/uploads\/usu1060\/2025\/02\/Carnestoltes-removebg-preview.png\"><img loading=\"lazy\" decoding=\"async\" class=\"alignleft wp-image-9279 size-medium\" src=\"https:\/\/agora.xtec.cat\/aulahospitalariagtp\/wp-content\/uploads\/usu1060\/2025\/02\/Carnestoltes-removebg-preview-e1740746695960-279x300.png\" alt=\"\" width=\"279\" height=\"300\" srcset=\"https:\/\/agora.xtec.cat\/aulahospitalariagtp\/wp-content\/uploads\/usu1060\/2025\/02\/Carnestoltes-removebg-preview-e1740746695960-279x300.png 279w, https:\/\/agora.xtec.cat\/aulahospitalariagtp\/wp-content\/uploads\/usu1060\/2025\/02\/Carnestoltes-removebg-preview-e1740746695960.png 403w\" sizes=\"auto, (max-width: 279px) 100vw, 279px\" \/><\/a><\/p>\n<p>JA HA ARRIBAT EL REI CARNESTOLTES!<\/p>\n<p>Aquest curs, hem fet un &#8220;photocall&#8221; per tenir un record ben divertit del Carnaval! Amb els infants de la planta tamb\u00e9 hem estat fent m\u00e0scares amb les nostres pr\u00f2pies mans i aix\u00ed estar ben preparats per aquest dia tan especial. A m\u00e9s a m\u00e9s, aquest any hem tingut la visita del Circ de l&#8217;Alegria! Un circ que ha fet un espectacle a l&#8217;aula i a les habitacions i ens han ensenyat els seus dots en m\u00edmica, malabars, m\u00fasica i molt m\u00e9s!<\/p>\n<p>Agrair a tothom, a la Unitat d&#8217;Atenci\u00f3 a la Ciutadania, professionals de la Planta de Pediatria, voluntariat de la Creu Roja, personal i pacients d&#8217;altres plantes, entre d&#8217;altres, la col\u00b7laboraci\u00f3 en la celebraci\u00f3 d\u2019aquest dia. Com cada nou curs escolar ha estat un dia especial! Aqu\u00ed podeu veure un <a href=\"https:\/\/vimeo.com\/1061250129\/5218300bd9?share=copy\"><em><strong>petit v\u00eddeo sobre la preparaci\u00f3 i el dia de CARNAVAL<\/strong><\/em>.<\/a> Us ensenyem la targeta que hem donat a tothom que ha participat de la festa.<\/p>\n<p><a href=\"https:\/\/agora.xtec.cat\/aulahospitalariagtp\/wp-content\/uploads\/usu1060\/2025\/02\/Carnaval-2025.png\"><img loading=\"lazy\" decoding=\"async\" class=\"size-medium wp-image-9280 aligncenter\" src=\"https:\/\/agora.xtec.cat\/aulahospitalariagtp\/wp-content\/uploads\/usu1060\/2025\/02\/Carnaval-2025-300x208.png\" alt=\"\" width=\"300\" height=\"208\" srcset=\"https:\/\/agora.xtec.cat\/aulahospitalariagtp\/wp-content\/uploads\/usu1060\/2025\/02\/Carnaval-2025-300x208.png 300w, https:\/\/agora.xtec.cat\/aulahospitalariagtp\/wp-content\/uploads\/usu1060\/2025\/02\/Carnaval-2025-1024x709.png 1024w, https:\/\/agora.xtec.cat\/aulahospitalariagtp\/wp-content\/uploads\/usu1060\/2025\/02\/Carnaval-2025-768x532.png 768w, https:\/\/agora.xtec.cat\/aulahospitalariagtp\/wp-content\/uploads\/usu1060\/2025\/02\/Carnaval-2025.png 1086w\" sizes=\"auto, (max-width: 300px) 100vw, 300px\" \/><\/a><\/p>\n","protected":false},"excerpt":{"rendered":"<p>JA HA ARRIBAT EL REI CARNESTOLTES! Aquest curs, hem fet un &#8220;photocall&#8221; per tenir un record ben divertit del Carnaval! Amb els infants de la planta tamb\u00e9 hem estat fent m\u00e0scares amb les nostres pr\u00f2pies mans i aix\u00ed estar ben preparats per aquest dia tan especial. A m\u00e9s a m\u00e9s, aquest any hem tingut la [&hellip;]<\/p>\n","protected":false},"author":1,"featured_media":9280,"comment_status":"open","ping_status":"closed","sticky":false,"template":"","format":"standard","meta":{"_bbp_topic_count":0,"_bbp_reply_count":0,"_bbp_total_topic_count":0,"_bbp_total_reply_count":0,"_bbp_voice_count":0,"_bbp_anonymous_reply_count":0,"_bbp_topic_count_hidden":0,"_bbp_reply_count_hidden":0,"_bbp_forum_subforum_count":0,"site-sidebar-layout":"default","site-content-layout":"","ast-site-content-layout":"","site-content-style":"default","site-sidebar-style":"default","ast-global-header-display":"","ast-banner-title-visibility":"","ast-main-header-display":"","ast-hfb-above-header-display":"","ast-hfb-below-header-display":"","ast-hfb-mobile-header-display":"","site-post-title":"","ast-breadcrumbs-content":"","ast-featured-img":"","footer-sml-layout":"","theme-transparent-header-meta":"","adv-header-id-meta":"","stick-header-meta":"","header-above-stick-meta":"","header-main-stick-meta":"","header-below-stick-meta":"","astra-migrate-meta-layouts":"default","ast-page-background-enabled":"default","ast-page-background-meta":{"desktop":{"background-color":"var(--ast-global-color-4)","background-image":"","background-repeat":"repeat","background-position":"center center","background-size":"auto","background-attachment":"scroll","background-type":"","background-media":"","overlay-type":"","overlay-color":"","overlay-opacity":"","overlay-gradient":""},"tablet":{"background-color":"","background-image":"","background-repeat":"repeat","background-position":"center center","background-size":"auto","background-attachment":"scroll","background-type":"","background-media":"","overlay-type":"","overlay-color":"","overlay-opacity":"","overlay-gradient":""},"mobile":{"background-color":"","background-image":"","background-repeat":"repeat","background-position":"center center","background-size":"auto","background-attachment":"scroll","background-type":"","background-media":"","overlay-type":"","overlay-color":"","overlay-opacity":"","overlay-gradient":""}},"ast-content-background-meta":{"desktop":{"background-color":"var(--ast-global-color-5)","background-image":"","background-repeat":"repeat","background-position":"center center","background-size":"auto","background-attachment":"scroll","background-type":"","background-media":"","overlay-type":"","overlay-color":"","overlay-opacity":"","overlay-gradient":""},"tablet":{"background-color":"var(--ast-global-color-5)","background-image":"","background-repeat":"repeat","background-position":"center center","background-size":"auto","background-attachment":"scroll","background-type":"","background-media":"","overlay-type":"","overlay-color":"","overlay-opacity":"","overlay-gradient":""},"mobile":{"background-color":"var(--ast-global-color-5)","background-image":"","background-repeat":"repeat","background-position":"center center","background-size":"auto","background-attachment":"scroll","background-type":"","background-media":"","overlay-type":"","overlay-color":"","overlay-opacity":"","overlay-gradient":""}},"footnotes":""},"categories":[92,74,168,94,146],"tags":[],"class_list":["post-9276","post","type-post","status-publish","format-standard","has-post-thumbnail","hentry","category-activitats-obertes","category-carnaval","category-curs-2024-25","category-ens-visiten","category-portada"],"post_mailing_queue_ids":[],"_links":{"self":[{"href":"https:\/\/agora.xtec.cat\/aulahospitalariagtp\/wp-json\/wp\/v2\/posts\/9276","targetHints":{"allow":["GET"]}}],"collection":[{"href":"https:\/\/agora.xtec.cat\/aulahospitalariagtp\/wp-json\/wp\/v2\/posts"}],"about":[{"href":"https:\/\/agora.xtec.cat\/aulahospitalariagtp\/wp-json\/wp\/v2\/types\/post"}],"author":[{"embeddable":true,"href":"https:\/\/agora.xtec.cat\/aulahospitalariagtp\/wp-json\/wp\/v2\/users\/1"}],"replies":[{"embeddable":true,"href":"https:\/\/agora.xtec.cat\/aulahospitalariagtp\/wp-json\/wp\/v2\/comments?post=9276"}],"version-history":[{"count":3,"href":"https:\/\/agora.xtec.cat\/aulahospitalariagtp\/wp-json\/wp\/v2\/posts\/9276\/revisions"}],"predecessor-version":[{"id":9283,"href":"https:\/\/agora.xtec.cat\/aulahospitalariagtp\/wp-json\/wp\/v2\/posts\/9276\/revisions\/9283"}],"wp:featuredmedia":[{"embeddable":true,"href":"https:\/\/agora.xtec.cat\/aulahospitalariagtp\/wp-json\/wp\/v2\/media\/9280"}],"wp:attachment":[{"href":"https:\/\/agora.xtec.cat\/aulahospitalariagtp\/wp-json\/wp\/v2\/media?parent=9276"}],"wp:term":[{"taxonomy":"category","embeddable":true,"href":"https:\/\/agora.xtec.cat\/aulahospitalariagtp\/wp-json\/wp\/v2\/categories?post=9276"},{"taxonomy":"post_tag","embeddable":true,"href":"https:\/\/agora.xtec.cat\/aulahospitalariagtp\/wp-json\/wp\/v2\/tags?post=9276"}],"curies":[{"name":"wp","href":"https:\/\/api.w.org\/{rel}","templated":true}]}}